{"id":37802,"date":"2010-08-09T19:51:14","date_gmt":"2010-08-09T19:51:14","guid":{"rendered":"http:\/\/www.pcnen.com\/portal\/?p=37802"},"modified":"2010-08-09T19:51:14","modified_gmt":"2010-08-09T19:51:14","slug":"i-srbija-pocela-pretragu-jezera-perucac","status":"publish","type":"post","link":"https:\/\/www.pcnen.com\/portal\/2010\/08\/09\/i-srbija-pocela-pretragu-jezera-perucac\/","title":{"rendered":"I Srbija po\u010dela pretragu jezera Peru\u0107ac"},"content":{"rendered":"<p>Na lokaciji jezera Peru\u0107ac po\u010dela je pretraga koja bi trebalo da utvrdi da li se na tom mjestu nalaze tijela ubijenih u ratovima u BiH i na Kosovu.<\/p>\n<p>Predsjednik srbijanske Komisije za nestale Veljko Odalovi\u0107 je rekao agenciji <em>Beta<\/em> da je istraga po\u010dela u dijelu jezera, kod brane.<\/p>\n<p>Krajem jula, eksperti bosanskog Instituta za nestale zatra\u017eili su da se istra\u017ei lokacija kako bi se prona&scaron;li ostaci ubijenih u Vi&scaron;egradu 1992. godine.<\/p>\n<p>Zahtjev kosovske strane je uslijedio nakon pronalaska ostataka oko stotinu nestalih kod Peru\u0107ca 2001. godine.<\/p>\n","protected":false},"excerpt":{"rendered":"<p>Na lokaciji jezera Peru\u0107ac po\u010dela je pretraga koja bi trebalo da utvrdi da li se na tom mjestu nalaze tijela ubijenih u ratovima u BiH i na Kosovu. Predsjednik srbijanske Komisije za nestale Veljko Odalovi\u0107 je rekao agenciji Beta da je istraga po\u010dela u dijelu jezera, kod brane. Krajem jula, eksperti bosanskog Instituta za nestale [&hellip;]<\/p>\n","protected":false},"author":1,"featured_media":0,"comment_status":"open","ping_status":"closed","sticky":false,"template":"","format":"standard","meta":{"_seopress_robots_primary_cat":"","_seopress_titles_title":"","_seopress_titles_desc":"","_seopress_robots_index":"","_et_pb_use_builder":"","_et_pb_old_content":"","_et_gb_content_width":"","inline_featured_image":false,"footnotes":""},"categories":[14],"tags":[],"class_list":["post-37802","post","type-post","status-publish","format-standard","hentry","category-vijesti"],"_links":{"self":[{"href":"https:\/\/www.pcnen.com\/portal\/wp-json\/wp\/v2\/posts\/37802","targetHints":{"allow":["GET"]}}],"collection":[{"href":"https:\/\/www.pcnen.com\/portal\/wp-json\/wp\/v2\/posts"}],"about":[{"href":"https:\/\/www.pcnen.com\/portal\/wp-json\/wp\/v2\/types\/post"}],"author":[{"embeddable":true,"href":"https:\/\/www.pcnen.com\/portal\/wp-json\/wp\/v2\/users\/1"}],"replies":[{"embeddable":true,"href":"https:\/\/www.pcnen.com\/portal\/wp-json\/wp\/v2\/comments?post=37802"}],"version-history":[{"count":0,"href":"https:\/\/www.pcnen.com\/portal\/wp-json\/wp\/v2\/posts\/37802\/revisions"}],"wp:attachment":[{"href":"https:\/\/www.pcnen.com\/portal\/wp-json\/wp\/v2\/media?parent=37802"}],"wp:term":[{"taxonomy":"category","embeddable":true,"href":"https:\/\/www.pcnen.com\/portal\/wp-json\/wp\/v2\/categories?post=37802"},{"taxonomy":"post_tag","embeddable":true,"href":"https:\/\/www.pcnen.com\/portal\/wp-json\/wp\/v2\/tags?post=37802"}],"curies":[{"name":"wp","href":"https:\/\/api.w.org\/{rel}","templated":true}]}}