{"id":37800,"date":"2010-08-09T13:45:30","date_gmt":"2010-08-09T13:45:30","guid":{"rendered":"http:\/\/www.pcnen.com\/portal\/?p=37800"},"modified":"2010-08-09T13:45:30","modified_gmt":"2010-08-09T13:45:30","slug":"mans-dostavio-komentare-ek","status":"publish","type":"post","link":"https:\/\/www.pcnen.com\/portal\/2010\/08\/09\/mans-dostavio-komentare-ek\/","title":{"rendered":"MANS dostavio komentare EK"},"content":{"rendered":"<p>Mre\u017ea za afirmaciju nevladinog sektora danas je dostavila Evropskoj komisiji komentare na Strategiju za borbu protiv korupcije i organizovanog kriminala.<\/p>\n<p>Poseban akcenat je stavljen na korupciju na najvi&scaron;im nivoima izvr&scaron;ne vlasti i povezanost sa pojedincima iz organizovanog kriminala. <\/p>\n<p>&quot;U komentarima se daje i pregled stanja u oblasti organizovanog kriminala i potencira postojanje veza izme\u0111u pojedinaca iz policije i obavje&scaron;tajnih sluzbi sa kriminalcima&quot;, ka\u017ee se u saop&scaron;tenju. <\/p>\n<p>Posebna pa\u017enja je data procesu privatizacije koji karakteri&scaron;e netransparentna vlasni\u010dka struktura, kao i sumnje da se koristi za pranje novca kriminalnih grupa iz zemlje i inostranstva. <\/p>\n<p>&Scaron;ef parlamentarnog odbora za me\u0111unarodne odnose i evropske integracije Miodrag Vukovi\u0107 ka\u017ee da je taj potez MANS-a o\u010dekivan. <\/p>\n<p>&quot;To ne iznena\u0111uje od onih koji vjen\u010davaju svoju dr\u017eavu sa organizovanim kriminalom. Niko u svijetu tako ne misli o svojoj dr\u017eavi&quot;, rekao je Vukovi\u0107 radiju<em> Antena M<\/em> i dodao da ne vjeruje da \u0107e Evropska komisija reagovati na pisanje MANS-a.<\/p>\n","protected":false},"excerpt":{"rendered":"<p>Mre\u017ea za afirmaciju nevladinog sektora danas je dostavila Evropskoj komisiji komentare na Strategiju za borbu protiv korupcije i organizovanog kriminala. Poseban akcenat je stavljen na korupciju na najvi&scaron;im nivoima izvr&scaron;ne vlasti i povezanost sa pojedincima iz organizovanog kriminala. &quot;U komentarima se daje i pregled stanja u oblasti organizovanog kriminala i potencira postojanje veza izme\u0111u pojedinaca [&hellip;]<\/p>\n","protected":false},"author":1,"featured_media":0,"comment_status":"open","ping_status":"closed","sticky":false,"template":"","format":"standard","meta":{"_seopress_robots_primary_cat":"","_seopress_titles_title":"","_seopress_titles_desc":"","_seopress_robots_index":"","_et_pb_use_builder":"","_et_pb_old_content":"","_et_gb_content_width":"","inline_featured_image":false,"footnotes":""},"categories":[14],"tags":[],"class_list":["post-37800","post","type-post","status-publish","format-standard","hentry","category-vijesti"],"_links":{"self":[{"href":"https:\/\/www.pcnen.com\/portal\/wp-json\/wp\/v2\/posts\/37800","targetHints":{"allow":["GET"]}}],"collection":[{"href":"https:\/\/www.pcnen.com\/portal\/wp-json\/wp\/v2\/posts"}],"about":[{"href":"https:\/\/www.pcnen.com\/portal\/wp-json\/wp\/v2\/types\/post"}],"author":[{"embeddable":true,"href":"https:\/\/www.pcnen.com\/portal\/wp-json\/wp\/v2\/users\/1"}],"replies":[{"embeddable":true,"href":"https:\/\/www.pcnen.com\/portal\/wp-json\/wp\/v2\/comments?post=37800"}],"version-history":[{"count":0,"href":"https:\/\/www.pcnen.com\/portal\/wp-json\/wp\/v2\/posts\/37800\/revisions"}],"wp:attachment":[{"href":"https:\/\/www.pcnen.com\/portal\/wp-json\/wp\/v2\/media?parent=37800"}],"wp:term":[{"taxonomy":"category","embeddable":true,"href":"https:\/\/www.pcnen.com\/portal\/wp-json\/wp\/v2\/categories?post=37800"},{"taxonomy":"post_tag","embeddable":true,"href":"https:\/\/www.pcnen.com\/portal\/wp-json\/wp\/v2\/tags?post=37800"}],"curies":[{"name":"wp","href":"https:\/\/api.w.org\/{rel}","templated":true}]}}