{"id":37793,"date":"2010-08-09T10:00:48","date_gmt":"2010-08-09T10:00:48","guid":{"rendered":"http:\/\/www.pcnen.com\/portal\/?p=37793"},"modified":"2010-08-09T10:00:48","modified_gmt":"2010-08-09T10:00:48","slug":"bogoljub-karic-trazi-razgovor-sa-ministarstvom-pravde-srbije","status":"publish","type":"post","link":"https:\/\/www.pcnen.com\/portal\/2010\/08\/09\/bogoljub-karic-trazi-razgovor-sa-ministarstvom-pravde-srbije\/","title":{"rendered":"Bogoljub Kari\u0107 tra\u017ei razgovor sa Ministarstvom pravde Srbije"},"content":{"rendered":"<p>Biv&scaron;i vlasnik <em>Mobtela<\/em> Bogoljub Kari\u0107 odbacio je optu\u017ebe za malverzacije u poslovanju ove kompanije i predlo\u017eio razgovor sa predstavnicima Ministarstva pravde Srbije.<\/p>\n<p>Kari\u0107, za kojim je Srbija raspisala me\u0111unarodnu potjernicu zbog sumnje da je dr\u017eavu o&scaron;tetio za oko 40 miliona eura, u intervjuu za <em>Politiku<\/em> tvrdi da je \u017ertva zavjere. <\/p>\n<p>&quot;Protiv mene se vodi istraga da sam za 20 odsto uve\u0107ao fakture opreme za <em>Mobtel<\/em>. <em>Telekom<\/em> je istu ili sli\u010dnu opremu i posle sankcija pla\u0107ao nekoliko puta skuplje&quot;, rekao je Kari\u0107.<\/p>\n<p>On je predlo\u017eio da Ministarstvo pravde Srbije razgovara sa njegovim advokatima koji, kako tvrdi, imaju dokumenta koja govore o tome gdje su se sastajali &quot;poslovno-politi\u010dki centri mo\u0107i i kako su pravili konsenzus o oduzimanju kompanija, te njegovom hap&scaron;enju i likvidaciji&quot;. <\/p>\n","protected":false},"excerpt":{"rendered":"<p>Biv&scaron;i vlasnik Mobtela Bogoljub Kari\u0107 odbacio je optu\u017ebe za malverzacije u poslovanju ove kompanije i predlo\u017eio razgovor sa predstavnicima Ministarstva pravde Srbije. Kari\u0107, za kojim je Srbija raspisala me\u0111unarodnu potjernicu zbog sumnje da je dr\u017eavu o&scaron;tetio za oko 40 miliona eura, u intervjuu za Politiku tvrdi da je \u017ertva zavjere. &quot;Protiv mene se vodi istraga [&hellip;]<\/p>\n","protected":false},"author":1,"featured_media":0,"comment_status":"open","ping_status":"closed","sticky":false,"template":"","format":"standard","meta":{"_seopress_robots_primary_cat":"","_seopress_titles_title":"","_seopress_titles_desc":"","_seopress_robots_index":"","_et_pb_use_builder":"","_et_pb_old_content":"","_et_gb_content_width":"","inline_featured_image":false,"footnotes":""},"categories":[14],"tags":[],"class_list":["post-37793","post","type-post","status-publish","format-standard","hentry","category-vijesti"],"_links":{"self":[{"href":"https:\/\/www.pcnen.com\/portal\/wp-json\/wp\/v2\/posts\/37793","targetHints":{"allow":["GET"]}}],"collection":[{"href":"https:\/\/www.pcnen.com\/portal\/wp-json\/wp\/v2\/posts"}],"about":[{"href":"https:\/\/www.pcnen.com\/portal\/wp-json\/wp\/v2\/types\/post"}],"author":[{"embeddable":true,"href":"https:\/\/www.pcnen.com\/portal\/wp-json\/wp\/v2\/users\/1"}],"replies":[{"embeddable":true,"href":"https:\/\/www.pcnen.com\/portal\/wp-json\/wp\/v2\/comments?post=37793"}],"version-history":[{"count":0,"href":"https:\/\/www.pcnen.com\/portal\/wp-json\/wp\/v2\/posts\/37793\/revisions"}],"wp:attachment":[{"href":"https:\/\/www.pcnen.com\/portal\/wp-json\/wp\/v2\/media?parent=37793"}],"wp:term":[{"taxonomy":"category","embeddable":true,"href":"https:\/\/www.pcnen.com\/portal\/wp-json\/wp\/v2\/categories?post=37793"},{"taxonomy":"post_tag","embeddable":true,"href":"https:\/\/www.pcnen.com\/portal\/wp-json\/wp\/v2\/tags?post=37793"}],"curies":[{"name":"wp","href":"https:\/\/api.w.org\/{rel}","templated":true}]}}