{"id":377726,"date":"2023-08-25T18:14:54","date_gmt":"2023-08-25T16:14:54","guid":{"rendered":"https:\/\/www.pcnen.com\/portal\/?p=377726"},"modified":"2023-08-25T18:14:54","modified_gmt":"2023-08-25T16:14:54","slug":"niger-odobrio-ulazak-vojske-dvije-prijateljske-zemlje-u-slucaju-napada","status":"publish","type":"post","link":"https:\/\/www.pcnen.com\/portal\/2023\/08\/25\/niger-odobrio-ulazak-vojske-dvije-prijateljske-zemlje-u-slucaju-napada\/","title":{"rendered":"Niger odobrio ulazak vojske dvije prijateljske zemlje u slu\u010daju napada"},"content":{"rendered":"<p>General Abduraman Tiani, koji se nalazi na \u010delu Nacionalnog savjeta Nigera za za\u0161titu domovine, je potpisao naredbu kojom se odbrambenim i bezbjednosnim snagama Burkine Faso i Malija odobrava ulazak na teritoriju Nigera u slu\u010daju napada na njega, prenosi Geopolitika.news vijest Agence Nigerienne de Presse (ANP).<\/p>\n<p>Sve tri zemlje na \u010delu imaju vojnu vlast koja je do\u0161la dr\u017eavnim udarom. Sve tri zemlje izra\u017eavaju jak antikolonijalisti\u010dki stav.<\/p>\n<p>Burkina Faso i Mali su ve\u0107 ranije najavili da \u0107e svaku vojnu intervenciju na Niger do\u017eivjeti kao napad na sebe. To su objavile dok je bilo govora o vojnoj intervenciji u Nigeru od strane drugih zapadnoafri\u010dkih zemalja unutar bloka ECOWAS.<\/p>\n<blockquote class=\"wp-embedded-content\" data-secret=\"VfqYAOII8W\"><p><a href=\"https:\/\/www.pcnen.com\/portal\/2023\/08\/01\/raste-napetost-na-zapadu-afrike\/\">Raste napetost na zapadu Afrike<\/a><\/p><\/blockquote>\n<p><iframe loading=\"lazy\" class=\"wp-embedded-content\" sandbox=\"allow-scripts\" security=\"restricted\" style=\"position: absolute; clip: rect(1px, 1px, 1px, 1px);\" title=\"&#8220;Raste napetost na zapadu Afrike&#8221; &#8212; PCNEN\" src=\"https:\/\/www.pcnen.com\/portal\/2023\/08\/01\/raste-napetost-na-zapadu-afrike\/embed\/#?secret=EzWlXjgX3d#?secret=VfqYAOII8W\" data-secret=\"VfqYAOII8W\" width=\"600\" height=\"338\" frameborder=\"0\" marginwidth=\"0\" marginheight=\"0\" scrolling=\"no\"><\/iframe><\/p>\n<p>&nbsp;<\/p>\n","protected":false},"excerpt":{"rendered":"<p>General Abduraman Tiani, koji se nalazi na \u010delu Nacionalnog savjeta Nigera za za\u0161titu domovine, je potpisao naredbu kojom se odbrambenim i bezbjednosnim snagama Burkine Faso i Malija odobrava ulazak na teritoriju Nigera u slu\u010daju napada na njega<\/p>\n","protected":false},"author":1,"featured_media":375494,"comment_status":"open","ping_status":"closed","sticky":false,"template":"","format":"standard","meta":{"_seopress_robots_primary_cat":"none","_seopress_titles_title":"","_seopress_titles_desc":"","_seopress_robots_index":"","_et_pb_use_builder":"","_et_pb_old_content":"","_et_gb_content_width":"","inline_featured_image":false,"footnotes":""},"categories":[14],"tags":[],"class_list":["post-377726","post","type-post","status-publish","format-standard","has-post-thumbnail","hentry","category-vijesti"],"_links":{"self":[{"href":"https:\/\/www.pcnen.com\/portal\/wp-json\/wp\/v2\/posts\/377726","targetHints":{"allow":["GET"]}}],"collection":[{"href":"https:\/\/www.pcnen.com\/portal\/wp-json\/wp\/v2\/posts"}],"about":[{"href":"https:\/\/www.pcnen.com\/portal\/wp-json\/wp\/v2\/types\/post"}],"author":[{"embeddable":true,"href":"https:\/\/www.pcnen.com\/portal\/wp-json\/wp\/v2\/users\/1"}],"replies":[{"embeddable":true,"href":"https:\/\/www.pcnen.com\/portal\/wp-json\/wp\/v2\/comments?post=377726"}],"version-history":[{"count":1,"href":"https:\/\/www.pcnen.com\/portal\/wp-json\/wp\/v2\/posts\/377726\/revisions"}],"predecessor-version":[{"id":377729,"href":"https:\/\/www.pcnen.com\/portal\/wp-json\/wp\/v2\/posts\/377726\/revisions\/377729"}],"wp:featuredmedia":[{"embeddable":true,"href":"https:\/\/www.pcnen.com\/portal\/wp-json\/wp\/v2\/media\/375494"}],"wp:attachment":[{"href":"https:\/\/www.pcnen.com\/portal\/wp-json\/wp\/v2\/media?parent=377726"}],"wp:term":[{"taxonomy":"category","embeddable":true,"href":"https:\/\/www.pcnen.com\/portal\/wp-json\/wp\/v2\/categories?post=377726"},{"taxonomy":"post_tag","embeddable":true,"href":"https:\/\/www.pcnen.com\/portal\/wp-json\/wp\/v2\/tags?post=377726"}],"curies":[{"name":"wp","href":"https:\/\/api.w.org\/{rel}","templated":true}]}}