{"id":37767,"date":"2010-08-07T15:01:06","date_gmt":"2010-08-07T15:01:06","guid":{"rendered":"http:\/\/www.pcnen.com\/portal\/?p=37767"},"modified":"2010-08-07T15:01:06","modified_gmt":"2010-08-07T15:01:06","slug":"eu-clanicama-dala-rok-za-kosovo","status":"publish","type":"post","link":"https:\/\/www.pcnen.com\/portal\/2010\/08\/07\/eu-clanicama-dala-rok-za-kosovo\/","title":{"rendered":"EU \u010dlanicama dala rok za Kosovo"},"content":{"rendered":"<p>Evropska unija odredila je 9. septembar kao posljednji rok za postizanje saglasnosti svih 27 zemalja \u010dlanica o prijedlogu rezolucije &scaron;efa diplomatije Ketrin E&scaron;ton o Kosovu, rekli su diplomatski izvori za pri&scaron;tinski dnevnik <em>Zeri<\/em>. <\/p>\n<p>Izvori su naveli da \u0107e narednih nedjelja Brisel sa\u010dekati eventualni finalni dogovor svih zemalja \u010dlanica, kako bi se znalo da li \u0107e Unija imati jedinstven stav o Kosovu na sastanku Generalne skup&scaron;tine UN. <\/p>\n<p>&quot;Pozitivan odgovor svih zemalja bi omogu\u0107io Evropskoj uniji da u Njujorku zauzme jedinstveni stav&quot;, rekli su diplomatski izvori&nbsp;i naveli da je &Scaron;panija najve\u0107a prepreka postizanju potpunog konsenzusa.<\/p>\n","protected":false},"excerpt":{"rendered":"<p>Evropska unija odredila je 9. septembar kao posljednji rok za postizanje saglasnosti svih 27 zemalja \u010dlanica o prijedlogu rezolucije &scaron;efa diplomatije Ketrin E&scaron;ton o Kosovu, rekli su diplomatski izvori za pri&scaron;tinski dnevnik Zeri. Izvori su naveli da \u0107e narednih nedjelja Brisel sa\u010dekati eventualni finalni dogovor svih zemalja \u010dlanica, kako bi se znalo da li \u0107e [&hellip;]<\/p>\n","protected":false},"author":1,"featured_media":0,"comment_status":"open","ping_status":"closed","sticky":false,"template":"","format":"standard","meta":{"_seopress_robots_primary_cat":"","_seopress_titles_title":"","_seopress_titles_desc":"","_seopress_robots_index":"","_et_pb_use_builder":"","_et_pb_old_content":"","_et_gb_content_width":"","inline_featured_image":false,"footnotes":""},"categories":[14],"tags":[],"class_list":["post-37767","post","type-post","status-publish","format-standard","hentry","category-vijesti"],"_links":{"self":[{"href":"https:\/\/www.pcnen.com\/portal\/wp-json\/wp\/v2\/posts\/37767","targetHints":{"allow":["GET"]}}],"collection":[{"href":"https:\/\/www.pcnen.com\/portal\/wp-json\/wp\/v2\/posts"}],"about":[{"href":"https:\/\/www.pcnen.com\/portal\/wp-json\/wp\/v2\/types\/post"}],"author":[{"embeddable":true,"href":"https:\/\/www.pcnen.com\/portal\/wp-json\/wp\/v2\/users\/1"}],"replies":[{"embeddable":true,"href":"https:\/\/www.pcnen.com\/portal\/wp-json\/wp\/v2\/comments?post=37767"}],"version-history":[{"count":0,"href":"https:\/\/www.pcnen.com\/portal\/wp-json\/wp\/v2\/posts\/37767\/revisions"}],"wp:attachment":[{"href":"https:\/\/www.pcnen.com\/portal\/wp-json\/wp\/v2\/media?parent=37767"}],"wp:term":[{"taxonomy":"category","embeddable":true,"href":"https:\/\/www.pcnen.com\/portal\/wp-json\/wp\/v2\/categories?post=37767"},{"taxonomy":"post_tag","embeddable":true,"href":"https:\/\/www.pcnen.com\/portal\/wp-json\/wp\/v2\/tags?post=37767"}],"curies":[{"name":"wp","href":"https:\/\/api.w.org\/{rel}","templated":true}]}}