{"id":37677,"date":"2010-08-02T14:16:40","date_gmt":"2010-08-02T14:16:40","guid":{"rendered":"http:\/\/www.pcnen.com\/portal\/?p=37677"},"modified":"2010-08-02T14:16:40","modified_gmt":"2010-08-02T14:16:40","slug":"pokrenuta-istraga-protiv-stjepana-kljuica","status":"publish","type":"post","link":"https:\/\/www.pcnen.com\/portal\/2010\/08\/02\/pokrenuta-istraga-protiv-stjepana-kljuica\/","title":{"rendered":"Pokrenuta istraga protiv Stjepana Kljui\u0107a"},"content":{"rendered":"<p>Tu\u017eila&scaron;tvo BiH pokrenulo je istragu protiv \u010dlana ratnog Predsjedni&scaron;tva BiH Stjepana Kljuji\u0107a zbog sumnje da je umije&scaron;an u napad na kolonu JNA u Dobrovolja\u010dkoj ulici u Sarajevu, prenosi <em>Pres RS<\/em>.<\/p>\n<p>List prenosi da su istra\u017eioci Tu\u017eila&scaron;tva BiH prije nekoliko mjeseci obavili informativni razgovor sa Kljuji\u0107em o slu\u010daju &quot;Dobrovolja\u010dka&quot; i njegovoj odgovornosti za smrt, ranjavanje i zarobljavanje nekoliko stotina vojnika biv&scaron;e JNA.<\/p>\n<p>&quot;Kljuji\u0107eva uloga u zlo\u010dinu u Dobrovolja\u010dkoj jo&scaron; nije potpuno rasvijetljena, ali prema iskazima brojnih svjedoka upravo on je bio glavni \u010dovjek za vezu sa kriminalcima poput Juke Prazine, Mu&scaron;ana Topalovi\u0107a Cace, Ismeta Bajramovi\u0107a \u0106ele i drugih mafija&scaron;a koji su tih dana paradirali Sarajevom u uniformama <em>Patriotske lige<\/em> i <em>Zelenih beretki<\/em>, \u010diji se pripadnici i danas ponose mu\u010dkim napadom na vojsku u povla\u010denju&quot;, tvrde izvori lista. <\/p>\n<p>Izvori dalje navode da nema dileme da je Kljuji\u0107 poslije Gani\u0107a daleko najodgovorniji za zlo\u010din za koji jo&scaron; niko nije odgovarao, jer &quot;ako je Gani\u0107 bio naredbodavac, Kljuji\u0107 je bio glavni logisti\u010dar&quot;. <\/p>\n","protected":false},"excerpt":{"rendered":"<p>Tu\u017eila&scaron;tvo BiH pokrenulo je istragu protiv \u010dlana ratnog Predsjedni&scaron;tva BiH Stjepana Kljuji\u0107a zbog sumnje da je umije&scaron;an u napad na kolonu JNA u Dobrovolja\u010dkoj ulici u Sarajevu, prenosi Pres RS. List prenosi da su istra\u017eioci Tu\u017eila&scaron;tva BiH prije nekoliko mjeseci obavili informativni razgovor sa Kljuji\u0107em o slu\u010daju &quot;Dobrovolja\u010dka&quot; i njegovoj odgovornosti za smrt, ranjavanje i [&hellip;]<\/p>\n","protected":false},"author":1,"featured_media":0,"comment_status":"open","ping_status":"closed","sticky":false,"template":"","format":"standard","meta":{"_seopress_robots_primary_cat":"","_seopress_titles_title":"","_seopress_titles_desc":"","_seopress_robots_index":"","_et_pb_use_builder":"","_et_pb_old_content":"","_et_gb_content_width":"","inline_featured_image":false,"footnotes":""},"categories":[14],"tags":[],"class_list":["post-37677","post","type-post","status-publish","format-standard","hentry","category-vijesti"],"_links":{"self":[{"href":"https:\/\/www.pcnen.com\/portal\/wp-json\/wp\/v2\/posts\/37677","targetHints":{"allow":["GET"]}}],"collection":[{"href":"https:\/\/www.pcnen.com\/portal\/wp-json\/wp\/v2\/posts"}],"about":[{"href":"https:\/\/www.pcnen.com\/portal\/wp-json\/wp\/v2\/types\/post"}],"author":[{"embeddable":true,"href":"https:\/\/www.pcnen.com\/portal\/wp-json\/wp\/v2\/users\/1"}],"replies":[{"embeddable":true,"href":"https:\/\/www.pcnen.com\/portal\/wp-json\/wp\/v2\/comments?post=37677"}],"version-history":[{"count":0,"href":"https:\/\/www.pcnen.com\/portal\/wp-json\/wp\/v2\/posts\/37677\/revisions"}],"wp:attachment":[{"href":"https:\/\/www.pcnen.com\/portal\/wp-json\/wp\/v2\/media?parent=37677"}],"wp:term":[{"taxonomy":"category","embeddable":true,"href":"https:\/\/www.pcnen.com\/portal\/wp-json\/wp\/v2\/categories?post=37677"},{"taxonomy":"post_tag","embeddable":true,"href":"https:\/\/www.pcnen.com\/portal\/wp-json\/wp\/v2\/tags?post=37677"}],"curies":[{"name":"wp","href":"https:\/\/api.w.org\/{rel}","templated":true}]}}