{"id":37674,"date":"2010-08-02T09:41:53","date_gmt":"2010-08-02T09:41:53","guid":{"rendered":"http:\/\/www.pcnen.com\/portal\/?p=37674"},"modified":"2010-08-02T09:41:53","modified_gmt":"2010-08-02T09:41:53","slug":"mur-ne-zna-da-su-sad-trazile-dukanovicevo-povlacenje","status":"publish","type":"post","link":"https:\/\/www.pcnen.com\/portal\/2010\/08\/02\/mur-ne-zna-da-su-sad-trazile-dukanovicevo-povlacenje\/","title":{"rendered":"Mur ne zna da su SAD tra\u017eile \u0110ukanovi\u0107evo povla\u010denje"},"content":{"rendered":"<p>&quot;Nemam razloga da povjerujem da se to dogodilo, da su SAD ikada sugerisale da se jedan demokratski izabrani lider Crne Gore povu\u010de sa vlasti. To jednostavno nije istina&quot;, rekao je Mur za dnevnik <em>Vijesti<\/em>.<\/p>\n<p>Mur nije \u017eelio da komentari&scaron;e spekulacije da se \u0110ukanovi\u0107 povla\u010di jer, navodno, ne\u0107e da bude na \u010delu dr\u017eave kada \u0107e neke &quot;krupne ribe, njegovi prijatelji, morati da budu uhap&scaron;eni&quot; po nalogu SAD.<\/p>\n<p>&quot;To \u010dujem prvi put i nije primjereno da komentari&scaron;em. Ja to jednostavno ne znam&quot;, rekao je Mur i naglasio da je vladavina prava jedan od najve\u0107ih izazova sa kojima se suo\u010dava Crna Gora. <\/p>\n","protected":false},"excerpt":{"rendered":"<p>SAD nijesu tra\u017eile povla\u010denje crnogorskog premijera Mila \u0110ukanovi\u0107a, izjavio je Roderik Mur, odlaze\u0107i ameri\u010dki ambasador.<\/p>\n","protected":false},"author":1,"featured_media":0,"comment_status":"open","ping_status":"closed","sticky":false,"template":"","format":"standard","meta":{"_seopress_robots_primary_cat":"","_seopress_titles_title":"","_seopress_titles_desc":"","_seopress_robots_index":"","_et_pb_use_builder":"","_et_pb_old_content":"","_et_gb_content_width":"","inline_featured_image":false,"footnotes":""},"categories":[14],"tags":[],"class_list":["post-37674","post","type-post","status-publish","format-standard","hentry","category-vijesti"],"_links":{"self":[{"href":"https:\/\/www.pcnen.com\/portal\/wp-json\/wp\/v2\/posts\/37674","targetHints":{"allow":["GET"]}}],"collection":[{"href":"https:\/\/www.pcnen.com\/portal\/wp-json\/wp\/v2\/posts"}],"about":[{"href":"https:\/\/www.pcnen.com\/portal\/wp-json\/wp\/v2\/types\/post"}],"author":[{"embeddable":true,"href":"https:\/\/www.pcnen.com\/portal\/wp-json\/wp\/v2\/users\/1"}],"replies":[{"embeddable":true,"href":"https:\/\/www.pcnen.com\/portal\/wp-json\/wp\/v2\/comments?post=37674"}],"version-history":[{"count":0,"href":"https:\/\/www.pcnen.com\/portal\/wp-json\/wp\/v2\/posts\/37674\/revisions"}],"wp:attachment":[{"href":"https:\/\/www.pcnen.com\/portal\/wp-json\/wp\/v2\/media?parent=37674"}],"wp:term":[{"taxonomy":"category","embeddable":true,"href":"https:\/\/www.pcnen.com\/portal\/wp-json\/wp\/v2\/categories?post=37674"},{"taxonomy":"post_tag","embeddable":true,"href":"https:\/\/www.pcnen.com\/portal\/wp-json\/wp\/v2\/tags?post=37674"}],"curies":[{"name":"wp","href":"https:\/\/api.w.org\/{rel}","templated":true}]}}