{"id":37673,"date":"2010-08-02T09:32:21","date_gmt":"2010-08-02T09:32:21","guid":{"rendered":"http:\/\/www.pcnen.com\/portal\/?p=37673"},"modified":"2010-08-02T09:32:21","modified_gmt":"2010-08-02T09:32:21","slug":"smanjio-se-broj-korisnika-fiksne-telefonije-u-cg","status":"publish","type":"post","link":"https:\/\/www.pcnen.com\/portal\/2010\/08\/02\/smanjio-se-broj-korisnika-fiksne-telefonije-u-cg\/","title":{"rendered":"Smanjio se broj korisnika fiksne telefonije u CG"},"content":{"rendered":"<p>U Crnoj Gori je na kraju juna bilo 168.550 korisnika fiksne telefonije, neznatno manje nego u maju, navedeno je u izvje&scaron;taju Agencije za elektronske komunikacije.<\/p>\n<p>Crnogorski Telekom na tr\u017ei&scaron;tu fiksne telefonije ima u\u010de&scaron;\u0107e od 97,6 odsto, a M:tel, koji &nbsp;usluge fiksne telefonije pru\u017ea preko Wi-Max mre\u017ee, 2,4 odsto. <\/p>\n<p>Od ukupnog broja priklju\u010daka fiksne telefonije, na gra\u0111ane se odnosi 86.97, a na kompanije 13.03 odsto.<\/p>\n","protected":false},"excerpt":{"rendered":"<p>U Crnoj Gori je na kraju juna bilo 168.550 korisnika fiksne telefonije, neznatno manje nego u maju, navedeno je u izvje&scaron;taju Agencije za elektronske komunikacije. Crnogorski Telekom na tr\u017ei&scaron;tu fiksne telefonije ima u\u010de&scaron;\u0107e od 97,6 odsto, a M:tel, koji &nbsp;usluge fiksne telefonije pru\u017ea preko Wi-Max mre\u017ee, 2,4 odsto. Od ukupnog broja priklju\u010daka fiksne telefonije, na [&hellip;]<\/p>\n","protected":false},"author":1,"featured_media":0,"comment_status":"open","ping_status":"closed","sticky":false,"template":"","format":"standard","meta":{"_seopress_robots_primary_cat":"","_seopress_titles_title":"","_seopress_titles_desc":"","_seopress_robots_index":"","_et_pb_use_builder":"","_et_pb_old_content":"","_et_gb_content_width":"","inline_featured_image":false,"footnotes":""},"categories":[14],"tags":[],"class_list":["post-37673","post","type-post","status-publish","format-standard","hentry","category-vijesti"],"_links":{"self":[{"href":"https:\/\/www.pcnen.com\/portal\/wp-json\/wp\/v2\/posts\/37673","targetHints":{"allow":["GET"]}}],"collection":[{"href":"https:\/\/www.pcnen.com\/portal\/wp-json\/wp\/v2\/posts"}],"about":[{"href":"https:\/\/www.pcnen.com\/portal\/wp-json\/wp\/v2\/types\/post"}],"author":[{"embeddable":true,"href":"https:\/\/www.pcnen.com\/portal\/wp-json\/wp\/v2\/users\/1"}],"replies":[{"embeddable":true,"href":"https:\/\/www.pcnen.com\/portal\/wp-json\/wp\/v2\/comments?post=37673"}],"version-history":[{"count":0,"href":"https:\/\/www.pcnen.com\/portal\/wp-json\/wp\/v2\/posts\/37673\/revisions"}],"wp:attachment":[{"href":"https:\/\/www.pcnen.com\/portal\/wp-json\/wp\/v2\/media?parent=37673"}],"wp:term":[{"taxonomy":"category","embeddable":true,"href":"https:\/\/www.pcnen.com\/portal\/wp-json\/wp\/v2\/categories?post=37673"},{"taxonomy":"post_tag","embeddable":true,"href":"https:\/\/www.pcnen.com\/portal\/wp-json\/wp\/v2\/tags?post=37673"}],"curies":[{"name":"wp","href":"https:\/\/api.w.org\/{rel}","templated":true}]}}