{"id":37668,"date":"2010-08-01T22:33:38","date_gmt":"2010-08-01T22:33:38","guid":{"rendered":"http:\/\/www.pcnen.com\/portal\/?p=37668"},"modified":"2010-08-01T22:33:38","modified_gmt":"2010-08-01T22:33:38","slug":"vac-spreman-da-se-povuce-iz-cijele-jugoistocne-evrope","status":"publish","type":"post","link":"https:\/\/www.pcnen.com\/portal\/2010\/08\/01\/vac-spreman-da-se-povuce-iz-cijele-jugoistocne-evrope\/","title":{"rendered":"VAC spreman da se povu\u010de iz cijele jugoisto\u010dne Evrope"},"content":{"rendered":"<p>Njema\u010dka medijska grupa VAC (WAZ) koja je najavila da \u0107e se povu\u0107i iz Srbije, spremna je da se povu\u010de iz cijelog regiona jugoisto\u010dne Evrope, izjavio je direktor VAC-a Bodo Hombah za sjutra&scaron;nje izdanje njema\u010dkog lista <em>Handel&scaron;blat<\/em>.<\/p>\n<p>&quot;Jugoisto\u010dna Evropa nije za nas tr\u017ei&scaron;te budu\u0107nosti&#8230; Ne \u017eelimo da tamo ja\u010damo&quot;, rekao je Hombah. <\/p>\n<p>Prema njegovim rije\u010dima, VAC je spreman &quot;za prodaju u jugoisto\u010dnoj Evropi, ali samo ako postoje uslovi za to&quot;.&nbsp;&nbsp;&nbsp;<\/p>\n<p>&quot;Mo\u017eemo ali nismo primorani na prodaju. Zbog toga imamo slobodu da to radimo samo ako se isplati&quot;, rekao je Hombah, prenosi <em>Beta<\/em>. <\/p>\n<p>VAC je sredinom juna saop&scaron;tio da se povla\u010di iz Srbije.<\/p>\n","protected":false},"excerpt":{"rendered":"<p>Njema\u010dka medijska grupa VAC (WAZ) koja je najavila da \u0107e se povu\u0107i iz Srbije, spremna je da se povu\u010de iz cijelog regiona jugoisto\u010dne Evrope, izjavio je direktor VAC-a Bodo Hombah za sjutra&scaron;nje izdanje njema\u010dkog lista Handel&scaron;blat. &quot;Jugoisto\u010dna Evropa nije za nas tr\u017ei&scaron;te budu\u0107nosti&#8230; Ne \u017eelimo da tamo ja\u010damo&quot;, rekao je Hombah. Prema njegovim rije\u010dima, VAC [&hellip;]<\/p>\n","protected":false},"author":1,"featured_media":0,"comment_status":"open","ping_status":"closed","sticky":false,"template":"","format":"standard","meta":{"_seopress_robots_primary_cat":"","_seopress_titles_title":"","_seopress_titles_desc":"","_seopress_robots_index":"","_et_pb_use_builder":"","_et_pb_old_content":"","_et_gb_content_width":"","inline_featured_image":false,"footnotes":""},"categories":[14],"tags":[],"class_list":["post-37668","post","type-post","status-publish","format-standard","hentry","category-vijesti"],"_links":{"self":[{"href":"https:\/\/www.pcnen.com\/portal\/wp-json\/wp\/v2\/posts\/37668","targetHints":{"allow":["GET"]}}],"collection":[{"href":"https:\/\/www.pcnen.com\/portal\/wp-json\/wp\/v2\/posts"}],"about":[{"href":"https:\/\/www.pcnen.com\/portal\/wp-json\/wp\/v2\/types\/post"}],"author":[{"embeddable":true,"href":"https:\/\/www.pcnen.com\/portal\/wp-json\/wp\/v2\/users\/1"}],"replies":[{"embeddable":true,"href":"https:\/\/www.pcnen.com\/portal\/wp-json\/wp\/v2\/comments?post=37668"}],"version-history":[{"count":0,"href":"https:\/\/www.pcnen.com\/portal\/wp-json\/wp\/v2\/posts\/37668\/revisions"}],"wp:attachment":[{"href":"https:\/\/www.pcnen.com\/portal\/wp-json\/wp\/v2\/media?parent=37668"}],"wp:term":[{"taxonomy":"category","embeddable":true,"href":"https:\/\/www.pcnen.com\/portal\/wp-json\/wp\/v2\/categories?post=37668"},{"taxonomy":"post_tag","embeddable":true,"href":"https:\/\/www.pcnen.com\/portal\/wp-json\/wp\/v2\/tags?post=37668"}],"curies":[{"name":"wp","href":"https:\/\/api.w.org\/{rel}","templated":true}]}}