{"id":37663,"date":"2010-08-01T13:43:37","date_gmt":"2010-08-01T13:43:37","guid":{"rendered":"http:\/\/www.pcnen.com\/portal\/?p=37663"},"modified":"2010-08-01T13:43:37","modified_gmt":"2010-08-01T13:43:37","slug":"dacic-stabilnost-balkana-se-ne-gradi-na-frustriranju-nekih-naroda","status":"publish","type":"post","link":"https:\/\/www.pcnen.com\/portal\/2010\/08\/01\/dacic-stabilnost-balkana-se-ne-gradi-na-frustriranju-nekih-naroda\/","title":{"rendered":"Da\u010di\u0107: Stabilnost Balkana se ne gradi na frustriranju nekih naroda"},"content":{"rendered":"<p>Potpredsjednik Vlade Srbije Ivica Da\u010di\u0107 je izjavio da na Balkanu nije rije&scaron;eno ni srpsko ni albansko pitanje i da su zato potrebni pregovori radi postizanja &quot;istorijskih sporazuma&quot;.<\/p>\n<p>U intervjuu za dana&scaron;nje izdanje <em>Politike<\/em>, Da\u010di\u0107 je rekao da me\u0111unarodna zajednica, me\u0111utim, nije voljna da u\u010destvuje u tim pregovorima o &quot;su&scaron;tinskim pitanjima&quot;. On je upozorio i da se stabilnost Balkana ne mo\u017ee graditi &quot;na stalnom frustriranju nekih naroda na ovim prostorima&quot;.<\/p>\n<p>&quot;Albanci ve\u0107 imaju jednu dr\u017eavu, sada na Kosovu stvaraju drugu, a mo\u017eda \u0107e i tre\u0107u u Makedoniji&quot;, rekao je Da\u010di\u0107 i dodao da je potrebno po\u010deti razgovore da bi se jasno utvrdilo &scaron;ta se o\u010dekuje od Srbije i da li je to mogu\u0107e, pa onda sklapati &quot;odre\u0111ene istorijske sporazume&quot;.<\/p>\n<p>On je rekao i da je ideja o podjeli Kosova tabu tema i da je nikada nije javno iznio nijedan dr\u017eavni organ ni politi\u010dar.<\/p>\n","protected":false},"excerpt":{"rendered":"<p>Potpredsjednik Vlade Srbije Ivica Da\u010di\u0107 je izjavio da na Balkanu nije rije&scaron;eno ni srpsko ni albansko pitanje i da su zato potrebni pregovori radi postizanja &quot;istorijskih sporazuma&quot;. U intervjuu za dana&scaron;nje izdanje Politike, Da\u010di\u0107 je rekao da me\u0111unarodna zajednica, me\u0111utim, nije voljna da u\u010destvuje u tim pregovorima o &quot;su&scaron;tinskim pitanjima&quot;. On je upozorio i da [&hellip;]<\/p>\n","protected":false},"author":1,"featured_media":0,"comment_status":"open","ping_status":"closed","sticky":false,"template":"","format":"standard","meta":{"_seopress_robots_primary_cat":"","_seopress_titles_title":"","_seopress_titles_desc":"","_seopress_robots_index":"","_et_pb_use_builder":"","_et_pb_old_content":"","_et_gb_content_width":"","inline_featured_image":false,"footnotes":""},"categories":[14],"tags":[],"class_list":["post-37663","post","type-post","status-publish","format-standard","hentry","category-vijesti"],"_links":{"self":[{"href":"https:\/\/www.pcnen.com\/portal\/wp-json\/wp\/v2\/posts\/37663","targetHints":{"allow":["GET"]}}],"collection":[{"href":"https:\/\/www.pcnen.com\/portal\/wp-json\/wp\/v2\/posts"}],"about":[{"href":"https:\/\/www.pcnen.com\/portal\/wp-json\/wp\/v2\/types\/post"}],"author":[{"embeddable":true,"href":"https:\/\/www.pcnen.com\/portal\/wp-json\/wp\/v2\/users\/1"}],"replies":[{"embeddable":true,"href":"https:\/\/www.pcnen.com\/portal\/wp-json\/wp\/v2\/comments?post=37663"}],"version-history":[{"count":0,"href":"https:\/\/www.pcnen.com\/portal\/wp-json\/wp\/v2\/posts\/37663\/revisions"}],"wp:attachment":[{"href":"https:\/\/www.pcnen.com\/portal\/wp-json\/wp\/v2\/media?parent=37663"}],"wp:term":[{"taxonomy":"category","embeddable":true,"href":"https:\/\/www.pcnen.com\/portal\/wp-json\/wp\/v2\/categories?post=37663"},{"taxonomy":"post_tag","embeddable":true,"href":"https:\/\/www.pcnen.com\/portal\/wp-json\/wp\/v2\/tags?post=37663"}],"curies":[{"name":"wp","href":"https:\/\/api.w.org\/{rel}","templated":true}]}}