{"id":37658,"date":"2010-08-01T13:02:11","date_gmt":"2010-08-01T13:02:11","guid":{"rendered":"http:\/\/www.pcnen.com\/portal\/?p=37658"},"modified":"2010-08-01T13:02:11","modified_gmt":"2010-08-01T13:02:11","slug":"separatisticki-pokreti-traze-primjenu-kosovske-formule","status":"publish","type":"post","link":"https:\/\/www.pcnen.com\/portal\/2010\/08\/01\/separatisticki-pokreti-traze-primjenu-kosovske-formule\/","title":{"rendered":"Separatisti\u010dki pokreti tra\u017ee primjenu &#8216;kosovske formule&#8217;"},"content":{"rendered":"<p>Nekoliko dana poslije odluke Me\u0111unarodnog suda pravde, koji je ocijenio da kosovska deklaracija o progla&scaron;enju nezavisnosti nije u suprotnosti sa me\u0111unarodnim pravom, ve\u0107 se oglasilo nekoliko separatisti\u010dkih pokreta koji tra\u017ee da se i u njihovim slu\u010dajevima primijeni &lsquo;kosovski model&#8217;, prenosi agencija Tanjug.<\/p>\n<p>Pridnjestrovska Moldavska Republika, koja je jednostrano proglasila nezavisnost 1990. godine, poslije odluke suda u Hagu tra\u017ei me\u0111unarodno priznanje samoproklamovane dr\u017eave. <\/p>\n<p>Ona je, kako otkrivaju rumunski mediji, uputila zvani\u010dni zahtjev UN u kome tra\u017ei, pozivaju\u0107i se na savjetodavno mi&scaron;ljenje MSP, da se prizna nezavisnost te &lsquo;dr\u017eave&#8217; unutar Moldavije.<\/p>\n<p>Nijedna zemlja u svijetu jo&scaron; nije priznala Pridnjestrvsku Moldavsku Republiku, iako je proglasila nezavisnost prije dvije decenije.<\/p>\n<p>Odluka MSP je ohrabrila i Katalonce u &Scaron;paniji. <\/p>\n<p>&quot;Ja \u0107u sa svoje strane u\u010diniti sve &scaron;to mogu da centralna vlada u Madridu prizna Kosovo&quot;, izjavio je potpredsjednik katalonskog parlamenta Ljuis Korominas, tokom razgovora sa &scaron;efom albanske diplomatije Iljirom Metom. Tirana je, sa svoje strane, obe\u0107ala otvaranje konzulata u Barceloni, javila je agancija ATA.<\/p>\n<p>Poslije odluke u Hagu, me\u0111u prvima se oglasio lider ma\u0111arskih separatista u Rumuniji Laslo Teke&scaron;. Presuda MSP o Kosovu je pokazala da Sekujskoj pokrajini u Transilvaniji, u kojoj su ve\u0107insko stanovni&scaron;tvo Ma\u0111ari, treba dati samostalnost. &quot;To je isto &scaron;to i Kosovo&quot;, smatra on.<\/p>\n<p>Predsjednik lokalne organizacije opozicione Socijaldemokratske partije u Klu\u017eu podnio je krivi\u010dnu tu\u017ebu protiv Teke&scaron;a zbog &quot;antiustavnih izjava&quot;.<\/p>\n<p>Poslije odluke MSP reagovao je i predsjednik Abhazije koja je proglasila nezavisnost od Gruzije.<\/p>\n<p>&quot;Mi&scaron;ljenje MSP je jo&scaron; jednom potvrdilo pravo na samoopredeljenje Abhazije i Ju\u017ene Osetije. To \u0107e podsta\u0107i nova priznanja dvije od Gruzije otcijepljene autonomne oblasti&quot;, izjavio je predsjednik Sergej Bagap&scaron;.<\/p>\n<p>U Nagorno Karabahu, provinciji koja se devedesetih godina otcijepila od Azerbejd\u017eana, sa velikim entuzijazmom su do\u010dekali odluku MSP, prenijele su ruske agencije. Gra\u0111ani, prete\u017eno Jermeni, nadaju se da \u0107e im &#8216;slu\u010daj Kosova&#8217; skratiti put do me\u0111unarodnog prinanja.<\/p>\n<p>Kosovski model je izazvao interesantne diskusije i u Turskoj, odnosno na sjevernom Kipru. Dok se zvani\u010dnici uzdr\u017eani, eksperti su mi&scaron;ljenja da je Kosovo otvorilo mogu\u0107nost za me\u0111unarodno priznanje &#8216;dr\u017eave&#8217; koju su 1983. godine proglasili kiparski Turci, a priznaje je samo Ankara.<\/p>\n<p>&quot;Kosovsko progla&scaron;nje nezavisnosti od Srbije otvorilo je novi prozor za me\u0111unarodno priznanje sjevernog Kipra&quot;, smatra stru\u010dnjak za balkanska pitanja Gezde Kili\u010d Jasin iz istra\u017eiva\u010dke grupe TURKSAM.<\/p>\n<p>&quot;Postoji sli\u010dnost (Kosova) sa kiparskim slu\u010dajem, &scaron;to Turska mo\u017ee da iskoristi u budu\u0107nosti&quot;, isti\u010de Muzafer Vatansever, iz grupe USAK.<\/p>\n<p>Mi&scaron;ljenje MSP se jo&scaron; prou\u010dava, tako da \u0107e mnogi separatisti\u010dki pokreti, kojih u svijetu ima vi&scaron;e od 90, tek podi\u0107i glavu, smatraju analiti\u010dari.<\/p>\n<p>&quot;Ovo je lo&scaron;a vijest za mnoge zemlje koje se suo\u010davaju sa separatizmom, odnosno ozbiljna prijetnja njihovom teritorijalnom integritetu&quot;, upozorava Edvin Baker, saradnik holandskog Instituta za me\u0111unarodna istra\u017eivanja i ukazuje na mogu\u0107ne lomove prije svega u Mjanmaru, Iraku, Indiji i Somaliji, prenosi Tanjug.<\/p>\n","protected":false},"excerpt":{"rendered":"<p>Nekoliko dana poslije odluke Me\u0111unarodnog suda pravde, koji je ocijenio da kosovska deklaracija o progla&scaron;enju nezavisnosti nije u suprotnosti sa me\u0111unarodnim pravom, ve\u0107 se oglasilo nekoliko separatisti\u010dkih pokreta koji tra\u017ee da se i u njihovim slu\u010dajevima primijeni &lsquo;kosovski model&#8217;, prenosi agencija Tanjug. Pridnjestrovska Moldavska Republika, koja je jednostrano proglasila nezavisnost 1990. godine, poslije odluke suda [&hellip;]<\/p>\n","protected":false},"author":1,"featured_media":0,"comment_status":"open","ping_status":"closed","sticky":false,"template":"","format":"standard","meta":{"_seopress_robots_primary_cat":"","_seopress_titles_title":"","_seopress_titles_desc":"","_seopress_robots_index":"","_et_pb_use_builder":"","_et_pb_old_content":"","_et_gb_content_width":"","inline_featured_image":false,"footnotes":""},"categories":[14],"tags":[],"class_list":["post-37658","post","type-post","status-publish","format-standard","hentry","category-vijesti"],"_links":{"self":[{"href":"https:\/\/www.pcnen.com\/portal\/wp-json\/wp\/v2\/posts\/37658","targetHints":{"allow":["GET"]}}],"collection":[{"href":"https:\/\/www.pcnen.com\/portal\/wp-json\/wp\/v2\/posts"}],"about":[{"href":"https:\/\/www.pcnen.com\/portal\/wp-json\/wp\/v2\/types\/post"}],"author":[{"embeddable":true,"href":"https:\/\/www.pcnen.com\/portal\/wp-json\/wp\/v2\/users\/1"}],"replies":[{"embeddable":true,"href":"https:\/\/www.pcnen.com\/portal\/wp-json\/wp\/v2\/comments?post=37658"}],"version-history":[{"count":0,"href":"https:\/\/www.pcnen.com\/portal\/wp-json\/wp\/v2\/posts\/37658\/revisions"}],"wp:attachment":[{"href":"https:\/\/www.pcnen.com\/portal\/wp-json\/wp\/v2\/media?parent=37658"}],"wp:term":[{"taxonomy":"category","embeddable":true,"href":"https:\/\/www.pcnen.com\/portal\/wp-json\/wp\/v2\/categories?post=37658"},{"taxonomy":"post_tag","embeddable":true,"href":"https:\/\/www.pcnen.com\/portal\/wp-json\/wp\/v2\/tags?post=37658"}],"curies":[{"name":"wp","href":"https:\/\/api.w.org\/{rel}","templated":true}]}}