{"id":37656,"date":"2010-08-01T10:22:25","date_gmt":"2010-08-01T10:22:25","guid":{"rendered":"http:\/\/www.pcnen.com\/portal\/?p=37656"},"modified":"2010-08-01T10:22:25","modified_gmt":"2010-08-01T10:22:25","slug":"krstas-crnogorski-da-bude-sluzbeni-u-kuli-i-vrbasu","status":"publish","type":"post","link":"https:\/\/www.pcnen.com\/portal\/2010\/08\/01\/krstas-crnogorski-da-bude-sluzbeni-u-kuli-i-vrbasu\/","title":{"rendered":"&#8216;Krsta\u0161&#8217;: Crnogorski da bude slu\u017ebeni u Kuli i Vrbasu"},"content":{"rendered":"<p>U zahtjevima je, kako je saop&scaron;teno iz Krsta&scaron;a, navedeno da su se stekli uslovi da se u skladu sa Zakonom i statutima op&scaron;tina Vrbas i Kula, pokrene inicijativa za izmjenu i dopunu Statuta u cilju uvodenja cmogorskog jezika u slu\u017ebenu upotrebu. <\/p>\n<p>Crnogorska nacionalna zajednica u op&scaron;tinama Kula i Vrbas, prema rezultatima popisa stanovni&scaron;tva iz 2002. godine, participira sa vi&scaron;e od 15 odsto od ukupnog stanovni&scaron;tva, &scaron;to je u skladu sa odgovaraju\u0107im zakonskim rje&scaron;enjima, navodi <em>Krsta&scaron;<\/em>.<\/p>\n<p>U svom zahtjevu <em>Krsta&scaron;<\/em> je naveo da je jezik najva\u017enije pitanje identiteta, a ujedno i elementarno nacionalno i ljudsko pravo, zagarantovano najvi&scaron;im pravnim aktima Republike Srbije i AP Vojvodine.<\/p>\n<p>Predsjednik Skup&scaron;tine op&scaron;tine Mali I\u0111o&scaron; Pal Karolj je saop&scaron;tio prije nekoliko dana da \u0107e na nerednoj sjednici Skup&scaron;tine op&scaron;tine inicirati pokretanje postupka za izmjenu i dopunu Statuta u cilju uvo\u0111enja cmogorskog jezika u slu\u017ebenu upotrebu.<\/p>\n","protected":false},"excerpt":{"rendered":"<p>Udru\u017eenje Crnogoraca Srbije <em>Krsta&scaron;<\/em>, krovna organizacija crnogorskih nacionalnih udru\u017eenja u Republici Srbiji, je uputila ju\u010de zahtjeve predsjednicima op&scaron;tina Kula i Vrbas za uvo\u0111enje crnogorskog jezika u zvani\u010dnu upotrebu na teritoriji tih op&scaron;tina. <\/p>\n","protected":false},"author":1,"featured_media":0,"comment_status":"open","ping_status":"closed","sticky":false,"template":"","format":"standard","meta":{"_seopress_robots_primary_cat":"","_seopress_titles_title":"","_seopress_titles_desc":"","_seopress_robots_index":"","_et_pb_use_builder":"","_et_pb_old_content":"","_et_gb_content_width":"","inline_featured_image":false,"footnotes":""},"categories":[14],"tags":[],"class_list":["post-37656","post","type-post","status-publish","format-standard","hentry","category-vijesti"],"_links":{"self":[{"href":"https:\/\/www.pcnen.com\/portal\/wp-json\/wp\/v2\/posts\/37656","targetHints":{"allow":["GET"]}}],"collection":[{"href":"https:\/\/www.pcnen.com\/portal\/wp-json\/wp\/v2\/posts"}],"about":[{"href":"https:\/\/www.pcnen.com\/portal\/wp-json\/wp\/v2\/types\/post"}],"author":[{"embeddable":true,"href":"https:\/\/www.pcnen.com\/portal\/wp-json\/wp\/v2\/users\/1"}],"replies":[{"embeddable":true,"href":"https:\/\/www.pcnen.com\/portal\/wp-json\/wp\/v2\/comments?post=37656"}],"version-history":[{"count":0,"href":"https:\/\/www.pcnen.com\/portal\/wp-json\/wp\/v2\/posts\/37656\/revisions"}],"wp:attachment":[{"href":"https:\/\/www.pcnen.com\/portal\/wp-json\/wp\/v2\/media?parent=37656"}],"wp:term":[{"taxonomy":"category","embeddable":true,"href":"https:\/\/www.pcnen.com\/portal\/wp-json\/wp\/v2\/categories?post=37656"},{"taxonomy":"post_tag","embeddable":true,"href":"https:\/\/www.pcnen.com\/portal\/wp-json\/wp\/v2\/tags?post=37656"}],"curies":[{"name":"wp","href":"https:\/\/api.w.org\/{rel}","templated":true}]}}