{"id":37654,"date":"2010-08-01T10:03:12","date_gmt":"2010-08-01T10:03:12","guid":{"rendered":"http:\/\/www.pcnen.com\/portal\/?p=37654"},"modified":"2010-08-01T10:03:12","modified_gmt":"2010-08-01T10:03:12","slug":"francuska-policija-u-akciji-protiv-imigranata-video","status":"publish","type":"post","link":"https:\/\/www.pcnen.com\/portal\/2010\/08\/01\/francuska-policija-u-akciji-protiv-imigranata-video\/","title":{"rendered":"Francuska policija u akciji protiv imigranata (video)"},"content":{"rendered":"<p>Na YouTube se pojavio snimak francuske policije u akciji rastjerivanja imigranata,&nbsp;\u017eena i djece, tokom protesta u jednom od predgra\u0111a Pariza.<\/p>\n<p>Prema rije\u010dima francuskog novinara, rije\u010d je o ljudima koji su tokom jula istjerani iz stanova predvi\u0111enih za ru&scaron;enje, radi gradnje novih stambenih objekata.<\/p>\n<p>Ve\u0107ina imigranata dolazi iz Obale Slonova\u010de. Neki od njih su nastanjeni u Francuskoj preko 10 godina i nisu ilegalni imigranti.<\/p>\n<p>&nbsp;<\/p>\n<div style=\"text-align: center\"><object classid=\"clsid:D27CDB6E-AE6D-11cf-96B8-444553540000\" codebase=\"http:\/\/download.macromedia.com\/pub\/shockwave\/cabs\/flash\/swflash.cab#version=6,0,29,0\" width=\"417\" height=\"370\"><param name=\"movie\" value=\"http:\/\/www.youtube.com\/v\/dZGK33rkk6E&amp;hl=en_US&amp;fs=1\" \/><param name=\"quality\" value=\"high\" \/><param name=\"menu\" value=\"false\" \/><param name=\"wmode\" value=\"\" \/><embed src=\"http:\/\/www.youtube.com\/v\/dZGK33rkk6E&amp;hl=en_US&amp;fs=1\" wmode=\"\" quality=\"high\" menu=\"false\" pluginspage=\"http:\/\/www.macromedia.com\/go\/getflashplayer\" type=\"application\/x-shockwave-flash\" width=\"417\" height=\"370\"><\/embed><\/object><\/div>\n<p>&nbsp;<\/p>\n","protected":false},"excerpt":{"rendered":"<p>Na YouTube se pojavio snimak francuske policije u akciji rastjerivanja imigranata,&nbsp;\u017eena i djece, tokom protesta u jednom od predgra\u0111a Pariza. Prema rije\u010dima francuskog novinara, rije\u010d je o ljudima koji su tokom jula istjerani iz stanova predvi\u0111enih za ru&scaron;enje, radi gradnje novih stambenih objekata. Ve\u0107ina imigranata dolazi iz Obale Slonova\u010de. Neki od njih su nastanjeni u [&hellip;]<\/p>\n","protected":false},"author":1,"featured_media":0,"comment_status":"open","ping_status":"closed","sticky":false,"template":"","format":"standard","meta":{"_seopress_robots_primary_cat":"","_seopress_titles_title":"","_seopress_titles_desc":"","_seopress_robots_index":"","_et_pb_use_builder":"","_et_pb_old_content":"","_et_gb_content_width":"","inline_featured_image":false,"footnotes":""},"categories":[14],"tags":[],"class_list":["post-37654","post","type-post","status-publish","format-standard","hentry","category-vijesti"],"_links":{"self":[{"href":"https:\/\/www.pcnen.com\/portal\/wp-json\/wp\/v2\/posts\/37654","targetHints":{"allow":["GET"]}}],"collection":[{"href":"https:\/\/www.pcnen.com\/portal\/wp-json\/wp\/v2\/posts"}],"about":[{"href":"https:\/\/www.pcnen.com\/portal\/wp-json\/wp\/v2\/types\/post"}],"author":[{"embeddable":true,"href":"https:\/\/www.pcnen.com\/portal\/wp-json\/wp\/v2\/users\/1"}],"replies":[{"embeddable":true,"href":"https:\/\/www.pcnen.com\/portal\/wp-json\/wp\/v2\/comments?post=37654"}],"version-history":[{"count":0,"href":"https:\/\/www.pcnen.com\/portal\/wp-json\/wp\/v2\/posts\/37654\/revisions"}],"wp:attachment":[{"href":"https:\/\/www.pcnen.com\/portal\/wp-json\/wp\/v2\/media?parent=37654"}],"wp:term":[{"taxonomy":"category","embeddable":true,"href":"https:\/\/www.pcnen.com\/portal\/wp-json\/wp\/v2\/categories?post=37654"},{"taxonomy":"post_tag","embeddable":true,"href":"https:\/\/www.pcnen.com\/portal\/wp-json\/wp\/v2\/tags?post=37654"}],"curies":[{"name":"wp","href":"https:\/\/api.w.org\/{rel}","templated":true}]}}