{"id":375985,"date":"2023-08-07T21:07:06","date_gmt":"2023-08-07T19:07:06","guid":{"rendered":"https:\/\/www.pcnen.com\/portal\/?p=375985"},"modified":"2023-08-07T21:07:06","modified_gmt":"2023-08-07T19:07:06","slug":"muslimanka-otjerana-sa-plaze-utjeha-jer-je-bila-pokrivena-video","status":"publish","type":"post","link":"https:\/\/www.pcnen.com\/portal\/2023\/08\/07\/muslimanka-otjerana-sa-plaze-utjeha-jer-je-bila-pokrivena-video\/","title":{"rendered":"Muslimanka otjerana sa pla\u017ee Utjeha jer je bila pokrivena (video)"},"content":{"rendered":"<p>Kada se maloljetna I. A. pojavila na pla\u017ei &#8220;Utjeha&#8221; u Baru odjevena u burkini, kupa\u0107i kostim muslimanki s hid\u017eabom, njoj i njenoj porodici je pri\u0161ao \u010dovjek koji se predstavio kao\u00a0 zakupac pla\u017ee i na veoma ru\u017ean i primitivan na\u010din uvredljivim rije\u010dima je otjerao, pi\u0161u Ro\u017eaje Vijesti na Facebook-u.<\/p>\n<p>Kako ka\u017ee porodica djevojke, po ulasku na pla\u017eu, \u010dim\u00a0ih je gazda pla\u017ee ugledao, brzim hodom je krenuo prema\u00a0njima i\u00a0povi\u0161enim tonom i uvredljivim rije\u010dima im rekao da odmah napuste pla\u017eu.<\/p>\n<p>Na pitanje ,,Za\u0161to?\u2019\u2019 odgovorio je kako je ona &#8220;babaroga&#8221; i kako \u0107e navodno da mu rastjera goste koji su ,,normalni\u2019\u2019.<\/p>\n<p>Kako navode, u pitanju je porodica iz Ro\u017eaja\u00a0koja ina\u010de \u017eivi u Belgiji, te slobodne dane provodi na crnogorskom primorju.<\/p>\n<p>&#8220;Nadamo se da \u0107e nadle\u017ene institucije i organi dr\u017eave Crne Gore reagovati time \u0161to \u0107e precesuirati gospodina koji jasno i nedvosmisleno \u0161iri i raspiruje vjersku netrpeljivost i o\u010diglednu diskriminaciju&#8221;, navela je porodica.<\/p>\n<p>&nbsp;<\/p>\n<p><iframe loading=\"lazy\" style=\"border: none; overflow: hidden;\" src=\"https:\/\/www.facebook.com\/plugins\/video.php?height=476&amp;href=https%3A%2F%2Fwww.facebook.com%2F100068910902160%2Fvideos%2F212352538136046%2F&amp;show_text=false&amp;width=339&amp;t=0\" width=\"339\" height=\"476\" frameborder=\"0\" scrolling=\"no\" allowfullscreen=\"allowfullscreen\"><\/iframe><\/p>\n","protected":false},"excerpt":{"rendered":"<p>Kada se maloljetna I. A. pojavila na pla\u017ei &#8220;Utjeha&#8221; u Baru odjevena u burkini, kupa\u0107i kostim muslimanki s hid\u017eabom, njoj i njenoj porodici je pri\u0161ao \u010dovjek koji se predstavio kao\u00a0 zakupac pla\u017ee i na veoma ru\u017ean i primitivan na\u010din uvredljivim rije\u010dima je otjerao, pi\u0161u Ro\u017eaje Vijesti na Facebook-u. Kako ka\u017ee porodica djevojke, po ulasku na [&hellip;]<\/p>\n","protected":false},"author":1,"featured_media":375988,"comment_status":"open","ping_status":"closed","sticky":false,"template":"","format":"standard","meta":{"_seopress_robots_primary_cat":"none","_seopress_titles_title":"","_seopress_titles_desc":"","_seopress_robots_index":"","_et_pb_use_builder":"","_et_pb_old_content":"","_et_gb_content_width":"","inline_featured_image":false,"footnotes":""},"categories":[14],"tags":[],"class_list":["post-375985","post","type-post","status-publish","format-standard","has-post-thumbnail","hentry","category-vijesti"],"_links":{"self":[{"href":"https:\/\/www.pcnen.com\/portal\/wp-json\/wp\/v2\/posts\/375985","targetHints":{"allow":["GET"]}}],"collection":[{"href":"https:\/\/www.pcnen.com\/portal\/wp-json\/wp\/v2\/posts"}],"about":[{"href":"https:\/\/www.pcnen.com\/portal\/wp-json\/wp\/v2\/types\/post"}],"author":[{"embeddable":true,"href":"https:\/\/www.pcnen.com\/portal\/wp-json\/wp\/v2\/users\/1"}],"replies":[{"embeddable":true,"href":"https:\/\/www.pcnen.com\/portal\/wp-json\/wp\/v2\/comments?post=375985"}],"version-history":[{"count":1,"href":"https:\/\/www.pcnen.com\/portal\/wp-json\/wp\/v2\/posts\/375985\/revisions"}],"predecessor-version":[{"id":375989,"href":"https:\/\/www.pcnen.com\/portal\/wp-json\/wp\/v2\/posts\/375985\/revisions\/375989"}],"wp:featuredmedia":[{"embeddable":true,"href":"https:\/\/www.pcnen.com\/portal\/wp-json\/wp\/v2\/media\/375988"}],"wp:attachment":[{"href":"https:\/\/www.pcnen.com\/portal\/wp-json\/wp\/v2\/media?parent=375985"}],"wp:term":[{"taxonomy":"category","embeddable":true,"href":"https:\/\/www.pcnen.com\/portal\/wp-json\/wp\/v2\/categories?post=375985"},{"taxonomy":"post_tag","embeddable":true,"href":"https:\/\/www.pcnen.com\/portal\/wp-json\/wp\/v2\/tags?post=375985"}],"curies":[{"name":"wp","href":"https:\/\/api.w.org\/{rel}","templated":true}]}}