{"id":375770,"date":"2023-08-04T21:10:31","date_gmt":"2023-08-04T19:10:31","guid":{"rendered":"https:\/\/www.pcnen.com\/portal\/?p=375770"},"modified":"2023-08-04T21:12:13","modified_gmt":"2023-08-04T19:12:13","slug":"kisa-pad-temperature","status":"publish","type":"post","link":"https:\/\/www.pcnen.com\/portal\/2023\/08\/04\/kisa-pad-temperature\/","title":{"rendered":"Ki\u0161a, pad temperature"},"content":{"rendered":"<p>U subotu \u0107e u Crnoj Gori biti umjereno do potpuno obla\u010dno.Povremeno \u0107e padati ki\u0161a, amjestimi\u010dno \u0107e biti pljuskova i grmljavine.<\/p>\n<p>Ponegdje \u0107e padavine biti obilnije, a mogu\u0107e su i kratkotrajne vremenske nepogode pra\u0107ene gradom i jakim udarima vjetra.<\/p>\n<p>Na sjeveroistoku tokom prijepodneva bi\u0107e suvo. Vjetar mjestimi\u010dno umjeren do poja\u010dan, ju\u017enih smjerova. Jutarnja temperatura vazduha kreta\u0107e se od 12 do 25, najvi\u0161a dnevna od 18 do 28 stepeni.<\/p>\n<p>U Podgorici umjereno do potpuno obla\u010dno, povremeno\u0107e padati ki\u0161a a bi\u0107e i pljuskova i grmljavine. Mogu\u0107i su i izra\u017eeniji pljuskovi. Vjetar uglavnom slab do umjeren, bi\u0107e ju\u017eni.<\/p>\n<p>Jutarnja temperatura vazduha bi\u0107e 23, najvi\u0161a dnevna oko 26 stepeni.<\/p>\n<blockquote class=\"wp-embedded-content\" data-secret=\"v5c55LDhhM\"><p><a href=\"https:\/\/www.pcnen.com\/portal\/2023\/08\/04\/direktorat-sjutra-grad-moguce-bujice\/\">Direktorat: Sjutra grad, mogu\u0107e bujice<\/a><\/p><\/blockquote>\n<p><iframe loading=\"lazy\" class=\"wp-embedded-content\" sandbox=\"allow-scripts\" security=\"restricted\" style=\"position: absolute; clip: rect(1px, 1px, 1px, 1px);\" title=\"&#8220;Direktorat: Sjutra grad, mogu\u0107e bujice&#8221; &#8212; PCNEN\" src=\"https:\/\/www.pcnen.com\/portal\/2023\/08\/04\/direktorat-sjutra-grad-moguce-bujice\/embed\/#?secret=t0sc6MtJd2#?secret=v5c55LDhhM\" data-secret=\"v5c55LDhhM\" width=\"600\" height=\"338\" frameborder=\"0\" marginwidth=\"0\" marginheight=\"0\" scrolling=\"no\"><\/iframe><\/p>\n","protected":false},"excerpt":{"rendered":"<p>U subotu \u0107e u Crnoj Gori biti umjereno do potpuno obla\u010dno.Povremeno \u0107e padati ki\u0161a, amjestimi\u010dno \u0107e biti pljuskova i grmljavine.<\/p>\n","protected":false},"author":1,"featured_media":273945,"comment_status":"open","ping_status":"closed","sticky":false,"template":"","format":"standard","meta":{"_seopress_robots_primary_cat":"none","_seopress_titles_title":"","_seopress_titles_desc":"","_seopress_robots_index":"","_et_pb_use_builder":"","_et_pb_old_content":"","_et_gb_content_width":"","inline_featured_image":false,"footnotes":""},"categories":[14],"tags":[],"class_list":["post-375770","post","type-post","status-publish","format-standard","has-post-thumbnail","hentry","category-vijesti"],"_links":{"self":[{"href":"https:\/\/www.pcnen.com\/portal\/wp-json\/wp\/v2\/posts\/375770","targetHints":{"allow":["GET"]}}],"collection":[{"href":"https:\/\/www.pcnen.com\/portal\/wp-json\/wp\/v2\/posts"}],"about":[{"href":"https:\/\/www.pcnen.com\/portal\/wp-json\/wp\/v2\/types\/post"}],"author":[{"embeddable":true,"href":"https:\/\/www.pcnen.com\/portal\/wp-json\/wp\/v2\/users\/1"}],"replies":[{"embeddable":true,"href":"https:\/\/www.pcnen.com\/portal\/wp-json\/wp\/v2\/comments?post=375770"}],"version-history":[{"count":3,"href":"https:\/\/www.pcnen.com\/portal\/wp-json\/wp\/v2\/posts\/375770\/revisions"}],"predecessor-version":[{"id":375775,"href":"https:\/\/www.pcnen.com\/portal\/wp-json\/wp\/v2\/posts\/375770\/revisions\/375775"}],"wp:featuredmedia":[{"embeddable":true,"href":"https:\/\/www.pcnen.com\/portal\/wp-json\/wp\/v2\/media\/273945"}],"wp:attachment":[{"href":"https:\/\/www.pcnen.com\/portal\/wp-json\/wp\/v2\/media?parent=375770"}],"wp:term":[{"taxonomy":"category","embeddable":true,"href":"https:\/\/www.pcnen.com\/portal\/wp-json\/wp\/v2\/categories?post=375770"},{"taxonomy":"post_tag","embeddable":true,"href":"https:\/\/www.pcnen.com\/portal\/wp-json\/wp\/v2\/tags?post=375770"}],"curies":[{"name":"wp","href":"https:\/\/api.w.org\/{rel}","templated":true}]}}