{"id":374867,"date":"2023-07-25T16:26:03","date_gmt":"2023-07-25T14:26:03","guid":{"rendered":"https:\/\/www.pcnen.com\/portal\/?p=374867"},"modified":"2023-07-25T16:28:04","modified_gmt":"2023-07-25T14:28:04","slug":"evropski-rekord-padao-grad-velicine-19-centimetara","status":"publish","type":"post","link":"https:\/\/www.pcnen.com\/portal\/2023\/07\/25\/evropski-rekord-padao-grad-velicine-19-centimetara\/","title":{"rendered":"Evropski rekord &#8211; padao grad veli\u010dine 19 centimetara"},"content":{"rendered":"<p>Fotografije divovskog grada sti\u017eu iz sjeverne Italije.<\/p>\n<p>Na internetu se pojavila fotografija grada od 19 centimetara.<\/p>\n<p>Meteorolog u Agenciji za za\u0161titu okoline Bla\u017e \u0160ter procijenio je da je kod mjesta Pordenone pao rekordan (za Evropu) grad.<\/p>\n<p>Led je bio ve\u0107i od dlana.<\/p>\n<p>Istra\u017eiva\u010d u Evropskoj laboratoriju za oluje Tomas Pucik napisao je na Tviter da je ovaj grad oborio evropski rekord.<\/p>\n<p>Grad je bio za centimetar ve\u0107u u Vivianu u \u0408u\u017enoj Dakoti, gdje je dostigao veli\u010dinu od 20 centimetara.<\/p>\n<p>Kako javlja portal Pordenone, prva oluja je ovim podru\u010djem pro\u0161la izme\u0111u 20.30 i 21.30 \u010dasova, a druga izme\u0111u 23.00 i 24.00 \u010dasa. Oba su uzrokovala ogromnu \u0161tetu.<\/p>\n<p>Zabilje\u017een je grad veli\u010dine 10 centimetara i jak vjetar s udarima od oko 100 kilometara na sat koji je zadao brojne probleme u saobra\u0107aju.<\/p>\n<p>Mnogo automobila je potpuno uni\u0161teno, a zaustavljen je i \u017eeljezni\u010dki saobra\u0107aj na liniji Pordenone-Videm.<\/p>\n<p>Bez struje je ostalo 12.000 ljudi, prenosi 24Ur.<\/p>\n<p>Ogromni grad padao je i u neposrednoj blizini Slovenije u okolini Vidma. Civilna za\u0161tita pokrajine Furlanije-\u0408ulijske na svojoj je Fejsbuk stranici objavila fotografije potpuno uni\u0161tenih fasada ku\u0107a.<\/p>\n<blockquote class=\"twitter-tweet\">\n<p dir=\"ltr\" lang=\"sl\">Neverjetno, kak\u0161no poletje. Zelo verjetno je blizu mesta Pordenon padla rekordno (za Evropo) velika to\u010da. Nevihta je kasneje dosegla Gori\u0161ko. Gre za drugo nevihtno celico. <a href=\"https:\/\/t.co\/1pOlpAw7tN\">https:\/\/t.co\/1pOlpAw7tN<\/a><\/p>\n<p>\u2014 Bla\u017e \u0160ter (@vremenolovec) <a href=\"https:\/\/twitter.com\/vremenolovec\/status\/1683771128743964673?ref_src=twsrc%5Etfw\">July 25, 2023<\/a><\/p><\/blockquote>\n<p><script async src=\"https:\/\/platform.twitter.com\/widgets.js\" charset=\"utf-8\"><\/script><\/p>\n","protected":false},"excerpt":{"rendered":"<p>Fotografije divovskog grada sti\u017eu iz sjeverne Italije.<\/p>\n","protected":false},"author":1,"featured_media":374870,"comment_status":"open","ping_status":"closed","sticky":false,"template":"","format":"standard","meta":{"_seopress_robots_primary_cat":"none","_seopress_titles_title":"","_seopress_titles_desc":"","_seopress_robots_index":"","_et_pb_use_builder":"","_et_pb_old_content":"","_et_gb_content_width":"","inline_featured_image":false,"footnotes":""},"categories":[14],"tags":[],"class_list":["post-374867","post","type-post","status-publish","format-standard","has-post-thumbnail","hentry","category-vijesti"],"_links":{"self":[{"href":"https:\/\/www.pcnen.com\/portal\/wp-json\/wp\/v2\/posts\/374867","targetHints":{"allow":["GET"]}}],"collection":[{"href":"https:\/\/www.pcnen.com\/portal\/wp-json\/wp\/v2\/posts"}],"about":[{"href":"https:\/\/www.pcnen.com\/portal\/wp-json\/wp\/v2\/types\/post"}],"author":[{"embeddable":true,"href":"https:\/\/www.pcnen.com\/portal\/wp-json\/wp\/v2\/users\/1"}],"replies":[{"embeddable":true,"href":"https:\/\/www.pcnen.com\/portal\/wp-json\/wp\/v2\/comments?post=374867"}],"version-history":[{"count":3,"href":"https:\/\/www.pcnen.com\/portal\/wp-json\/wp\/v2\/posts\/374867\/revisions"}],"predecessor-version":[{"id":374873,"href":"https:\/\/www.pcnen.com\/portal\/wp-json\/wp\/v2\/posts\/374867\/revisions\/374873"}],"wp:featuredmedia":[{"embeddable":true,"href":"https:\/\/www.pcnen.com\/portal\/wp-json\/wp\/v2\/media\/374870"}],"wp:attachment":[{"href":"https:\/\/www.pcnen.com\/portal\/wp-json\/wp\/v2\/media?parent=374867"}],"wp:term":[{"taxonomy":"category","embeddable":true,"href":"https:\/\/www.pcnen.com\/portal\/wp-json\/wp\/v2\/categories?post=374867"},{"taxonomy":"post_tag","embeddable":true,"href":"https:\/\/www.pcnen.com\/portal\/wp-json\/wp\/v2\/tags?post=374867"}],"curies":[{"name":"wp","href":"https:\/\/api.w.org\/{rel}","templated":true}]}}