{"id":374529,"date":"2023-07-22T11:38:00","date_gmt":"2023-07-22T09:38:00","guid":{"rendered":"https:\/\/www.pcnen.com\/portal\/?p=374529"},"modified":"2023-07-22T11:38:00","modified_gmt":"2023-07-22T09:38:00","slug":"pekic-tuzilastvo-na-potezu-oprema-nije-slucajno-zavrsila-u-podrumu","status":"publish","type":"post","link":"https:\/\/www.pcnen.com\/portal\/2023\/07\/22\/pekic-tuzilastvo-na-potezu-oprema-nije-slucajno-zavrsila-u-podrumu\/","title":{"rendered":"Peki\u0107: Tu\u017eila\u0161tvo na potezu, oprema nije slu\u010dajno zavr\u0161ila u podrumu"},"content":{"rendered":"<p>Predsjednik Internacionalne policijske organizacije Crne Gore Ivan Peki\u0107 saop\u0161tio je da su tu\u017eila\u0161tvo i Uprava policije na potezu kako bi se do\u0161lo do nalogodavaca koji su organizovali nabavku sada oduzete intervencijske opreme i razjasnilo za koju namjenu su planirali da je upotrebe. On je za Portal RTCG istakao da je prona\u0111ena oprema dovoljna za izazivanje nemira i nereda u dr\u017eavi i samim institucijama sistema.<\/p>\n<p>Peki\u0107 ocjenjuje da je politi\u010dko-bezbjednosna situacija u Crnoj Gori sve slo\u017eenija.<\/p>\n<p>\u201eVlada u tehni\u010dkom mandatu gubi na snazi u borbi protiv organizovanog kriminala, na pragu smo 44. vlade, a u samom centru Podgorice je prona\u0111ena oprema za razbijanje nereda koju po zakonu koriste samo bezbjednosne slu\u017ebe. Maltene situacija sli\u010dna onoj iz 2015. godine, samo sada ne znamo aktere. Ono \u0161to stvara sumnju je to da se postavlja logi\u010dno pitanje koje nabavio intervencijsku opremu i sakrio je u podrumu zgrade u centru Podgorice\u201c, kazao je sagovornik Javnog servisa.<\/p>\n<p>Ocjenjuje da je ono \u0161to je Uprava policije prona\u0161la u podrumu zgrade dovoljno za izvo\u0111enje nemira i nereda u dr\u017eavi i samim institucijama sistema, te da bi to moglo pogor\u0161ati bezbjednosno-politi\u010dku situaciju.<\/p>\n<p>\u201eS obzirom na to da bi politi\u010dari iz namjere, a prije bih kazao iz neznanja ovo povezali kao i 2015. godine sa poku\u0161ajem dr\u017eavnog udara i terorizma, kako tada, tako i danas elemenata za ovim bezbjednosnim prijetnjama nema.\u00a0 Na potezu je tu\u017eila\u0161tvo i Uprava policije da metodama istrage do\u0111u do nalogodavaca koji su nabavili intervencijsku opremu i za koju namjenu su planirali da je upotrebe. Na snimcima koji su osvanuli u medijima, moglo se vidjeti prekora\u010denje ovla\u0161\u0107enja pripadnika Protiv teroristi\u010dke jedinice Crne Gore (PTJ) prema gra\u0111anima koji su pru\u017eali pasivan otpor\u201c, isti\u010de Peki\u0107.<\/p>\n<p>Nagla\u0161ava da je veoma va\u017eno i urgentno otkriti nalogodavce, uhapsiti ih i ispitati im namjere u vezi sa intervencijskom opremom, koju, podsje\u0107a, na zakonit na\u010din mogu koristiti samo Uprava policije i Vojska Crne Gore.<\/p>\n<p>Premijer Dritan Abazovi\u0107 sino\u0107 je saop\u0161tio da o\u010dekuje od tu\u017eioca reakciju povodom na\u0111ene opreme kod hotela \u201ePodgorica\u201c. On je kazao i da je vozila oduzeta od\u00a0Ranka Ubovi\u0107a kod hotela \u201ePodgorica\u201c\u00a0godinama koristila jedinica policije za borbu protiv organizovanog kriminala. Istakao je da se radi o automobilima sa registarskim oznakama \u201e123\u201c.<\/p>\n<p>On je kazao da se oprema koja je na\u0111ena kod zgrade podgori\u010dkog hotela koristi samo kada se desi veliko naru\u0161avanje javnog reda i mira i podsjetio da je prilikom protesta tada\u0161njeg Demokratskog fronta 2015. godine postojala pri\u010da da tajne policijske jedinice za razbijanje mitinga imaju dvije baze \u2013 u hotelu \u201ePodgorica\u201c i staroj zgradi vlade.<\/p>\n<p>Tokom racije u hotelu \u2018Podgorica\u2019 policija je pretresla i legitimisala biv\u0161eg policijskog funkcionera Zorana Lazovi\u0107a i biznismena Ranka Ubovi\u0107a, kao i druge goste, ali niko nije priveden. Policija je oduzela nekoliko vozila koja su bila parkirana kod hotela, radi provjere.<\/p>\n<p>Ju\u010dera\u0161nja racija pokrenuta je nakon \u0161to je dan ranije u poslovnoj zgradi pored hotela \u201ePodgorica\u201c prona\u0161la oru\u017eje, piotehni\u010dka sredstva, pancir i palice.<\/p>\n<p>&nbsp;<\/p>\n<blockquote class=\"wp-embedded-content\" data-secret=\"3Ct543ezwr\"><p><a href=\"https:\/\/www.pcnen.com\/portal\/2023\/07\/21\/podgoricanin-m-m-kazao-da-su-njegove-stvari-pronadjene-u-podrumu-solitera\/\">Podgori\u010danin M.M. kazao da su njegove stvari prona\u0111ene u podrumu solitera<\/a><\/p><\/blockquote>\n<p><iframe loading=\"lazy\" class=\"wp-embedded-content\" sandbox=\"allow-scripts\" security=\"restricted\" style=\"position: absolute; clip: rect(1px, 1px, 1px, 1px);\" title=\"&#8220;Podgori\u010danin M.M. kazao da su njegove stvari prona\u0111ene u podrumu solitera&#8221; &#8212; PCNEN\" src=\"https:\/\/www.pcnen.com\/portal\/2023\/07\/21\/podgoricanin-m-m-kazao-da-su-njegove-stvari-pronadjene-u-podrumu-solitera\/embed\/#?secret=LCFCZnE4we#?secret=3Ct543ezwr\" data-secret=\"3Ct543ezwr\" width=\"600\" height=\"338\" frameborder=\"0\" marginwidth=\"0\" marginheight=\"0\" scrolling=\"no\"><\/iframe><\/p>\n","protected":false},"excerpt":{"rendered":"<p>Predsjednik Internacionalne policijske organizacije Crne Gore Ivan Peki\u0107 saop\u0161tio je da su tu\u017eila\u0161tvo i Uprava policije na potezu kako bi se do\u0161lo do nalogodavaca koji su organizovali nabavku sada oduzete intervencijske opreme i razjasnilo za koju namjenu su planirali da je upotrebe. On je za Portal RTCG istakao da je prona\u0111ena oprema dovoljna za izazivanje [&hellip;]<\/p>\n","protected":false},"author":1,"featured_media":0,"comment_status":"open","ping_status":"closed","sticky":false,"template":"","format":"standard","meta":{"_seopress_robots_primary_cat":"none","_seopress_titles_title":"","_seopress_titles_desc":"","_seopress_robots_index":"","_et_pb_use_builder":"","_et_pb_old_content":"","_et_gb_content_width":"","inline_featured_image":false,"footnotes":""},"categories":[14],"tags":[],"class_list":["post-374529","post","type-post","status-publish","format-standard","hentry","category-vijesti"],"_links":{"self":[{"href":"https:\/\/www.pcnen.com\/portal\/wp-json\/wp\/v2\/posts\/374529","targetHints":{"allow":["GET"]}}],"collection":[{"href":"https:\/\/www.pcnen.com\/portal\/wp-json\/wp\/v2\/posts"}],"about":[{"href":"https:\/\/www.pcnen.com\/portal\/wp-json\/wp\/v2\/types\/post"}],"author":[{"embeddable":true,"href":"https:\/\/www.pcnen.com\/portal\/wp-json\/wp\/v2\/users\/1"}],"replies":[{"embeddable":true,"href":"https:\/\/www.pcnen.com\/portal\/wp-json\/wp\/v2\/comments?post=374529"}],"version-history":[{"count":1,"href":"https:\/\/www.pcnen.com\/portal\/wp-json\/wp\/v2\/posts\/374529\/revisions"}],"predecessor-version":[{"id":374533,"href":"https:\/\/www.pcnen.com\/portal\/wp-json\/wp\/v2\/posts\/374529\/revisions\/374533"}],"wp:attachment":[{"href":"https:\/\/www.pcnen.com\/portal\/wp-json\/wp\/v2\/media?parent=374529"}],"wp:term":[{"taxonomy":"category","embeddable":true,"href":"https:\/\/www.pcnen.com\/portal\/wp-json\/wp\/v2\/categories?post=374529"},{"taxonomy":"post_tag","embeddable":true,"href":"https:\/\/www.pcnen.com\/portal\/wp-json\/wp\/v2\/tags?post=374529"}],"curies":[{"name":"wp","href":"https:\/\/api.w.org\/{rel}","templated":true}]}}