{"id":373317,"date":"2023-07-10T12:28:05","date_gmt":"2023-07-10T10:28:05","guid":{"rendered":"https:\/\/www.pcnen.com\/portal\/?p=373317"},"modified":"2023-07-10T12:30:29","modified_gmt":"2023-07-10T10:30:29","slug":"hrvatska-delegacija-na-nato-samit-ide-odvojeno","status":"publish","type":"post","link":"https:\/\/www.pcnen.com\/portal\/2023\/07\/10\/hrvatska-delegacija-na-nato-samit-ide-odvojeno\/","title":{"rendered":"Hrvatska delegacija na NATO samit ide odvojeno"},"content":{"rendered":"<p>Hrvatska delegacija u Litvaniju na samit NATO-a i u posjetu hrvatskim vojnicima dolazi odvojeno, u jo\u0161 jednom znaku podjele izme\u0111u Pantov\u010daka i Banskih dvora u vojnim i spoljnopoliti\u010dkim pitanjima, <a href=\"https:\/\/www.jutarnji.hr\/vijesti\/hrvatska\/hrvatska-delegacija-na-nato-samit-zbog-neslaganja-pantovcaka-i-banskih-dvora-ide-odvojeno-15353926\">pi\u0161e jutarnji.hr.<\/a><\/p>\n<p>Predsjednik Hrvatske Zoran Milanovi\u0107 \u0107e u Viljnus sti\u0107i sa svojim izaslanstvom kako bi u utorak i srijedu u\u010destvovao na sastanku na vrhu Sjevernoatlantskog saveza, odvojeno od ministarske delegacije koju \u010dine \u0161ef diplomatije Gordan Grli\u0107 Radman i ministar odbrane Mario Bano\u017ei\u0107, koji \u0107e u\u010destvovati na ministarskim sastancima NATO-a.<\/p>\n<p>Oba izaslanstva i\u0107i \u0107e u posjetu hrvatskim vojnicima koji u Litvaniji u\u010destvuju u NATO aktivnostima, ali ne u isto vrijeme. Jedna \u0107e tamo biti u utorak, a druga u srijedu.<\/p>\n<p>&nbsp;<\/p>\n<blockquote class=\"wp-embedded-content\" data-secret=\"WeOjhzGXON\"><p><a href=\"https:\/\/www.pcnen.com\/portal\/2023\/07\/06\/milanovic-politicki-udar-plenkovica-na-ustavni-poredak-i-demokratiju-video\/\">Milanovi\u0107: Politi\u010dki udar Plenkovi\u0107a na ustavni poredak i demokratiju (video)<\/a><\/p><\/blockquote>\n<p><iframe loading=\"lazy\" class=\"wp-embedded-content\" sandbox=\"allow-scripts\" security=\"restricted\" style=\"position: absolute; clip: rect(1px, 1px, 1px, 1px);\" title=\"&#8220;Milanovi\u0107: Politi\u010dki udar Plenkovi\u0107a na ustavni poredak i demokratiju (video)&#8221; &#8212; PCNEN\" src=\"https:\/\/www.pcnen.com\/portal\/2023\/07\/06\/milanovic-politicki-udar-plenkovica-na-ustavni-poredak-i-demokratiju-video\/embed\/#?secret=TI84CB7mZC#?secret=WeOjhzGXON\" data-secret=\"WeOjhzGXON\" width=\"600\" height=\"338\" frameborder=\"0\" marginwidth=\"0\" marginheight=\"0\" scrolling=\"no\"><\/iframe><\/p>\n","protected":false},"excerpt":{"rendered":"<p>Hrvatska delegacija u Litvaniju na samit NATO-a i u posjetu hrvatskim vojnicima dolazi odvojeno, u jo\u0161 jednom znaku podjele izme\u0111u Pantov\u010daka i Banskih dvora u vojnim i spoljnopoliti\u010dkim pitanjima, pi\u0161e jutarnji.hr.<\/p>\n","protected":false},"author":1,"featured_media":349863,"comment_status":"open","ping_status":"closed","sticky":false,"template":"","format":"standard","meta":{"_seopress_robots_primary_cat":"none","_seopress_titles_title":"","_seopress_titles_desc":"","_seopress_robots_index":"","_et_pb_use_builder":"","_et_pb_old_content":"","_et_gb_content_width":"","inline_featured_image":false,"footnotes":""},"categories":[14],"tags":[],"class_list":["post-373317","post","type-post","status-publish","format-standard","has-post-thumbnail","hentry","category-vijesti"],"_links":{"self":[{"href":"https:\/\/www.pcnen.com\/portal\/wp-json\/wp\/v2\/posts\/373317","targetHints":{"allow":["GET"]}}],"collection":[{"href":"https:\/\/www.pcnen.com\/portal\/wp-json\/wp\/v2\/posts"}],"about":[{"href":"https:\/\/www.pcnen.com\/portal\/wp-json\/wp\/v2\/types\/post"}],"author":[{"embeddable":true,"href":"https:\/\/www.pcnen.com\/portal\/wp-json\/wp\/v2\/users\/1"}],"replies":[{"embeddable":true,"href":"https:\/\/www.pcnen.com\/portal\/wp-json\/wp\/v2\/comments?post=373317"}],"version-history":[{"count":2,"href":"https:\/\/www.pcnen.com\/portal\/wp-json\/wp\/v2\/posts\/373317\/revisions"}],"predecessor-version":[{"id":373321,"href":"https:\/\/www.pcnen.com\/portal\/wp-json\/wp\/v2\/posts\/373317\/revisions\/373321"}],"wp:featuredmedia":[{"embeddable":true,"href":"https:\/\/www.pcnen.com\/portal\/wp-json\/wp\/v2\/media\/349863"}],"wp:attachment":[{"href":"https:\/\/www.pcnen.com\/portal\/wp-json\/wp\/v2\/media?parent=373317"}],"wp:term":[{"taxonomy":"category","embeddable":true,"href":"https:\/\/www.pcnen.com\/portal\/wp-json\/wp\/v2\/categories?post=373317"},{"taxonomy":"post_tag","embeddable":true,"href":"https:\/\/www.pcnen.com\/portal\/wp-json\/wp\/v2\/tags?post=373317"}],"curies":[{"name":"wp","href":"https:\/\/api.w.org\/{rel}","templated":true}]}}