{"id":372992,"date":"2023-07-06T21:17:31","date_gmt":"2023-07-06T19:17:31","guid":{"rendered":"https:\/\/www.pcnen.com\/portal\/?p=372992"},"modified":"2023-07-06T21:17:31","modified_gmt":"2023-07-06T19:17:31","slug":"milanovic-politicki-udar-plenkovica-na-ustavni-poredak-i-demokratiju-video","status":"publish","type":"post","link":"https:\/\/www.pcnen.com\/portal\/2023\/07\/06\/milanovic-politicki-udar-plenkovica-na-ustavni-poredak-i-demokratiju-video\/","title":{"rendered":"Milanovi\u0107: Politi\u010dki udar Plenkovi\u0107a na ustavni poredak i demokratiju (video)"},"content":{"rendered":"<p>Hrvatski predsjednik Zoran Milanovi\u0107 obratio se ve\u010daras naciji i saop\u0161tio ozbiljne optu\u017ebe na ra\u010dun premijera Plenkovi\u0107a.<\/p>\n<p>&#8220;Budu\u0107i da me hrvatski Ustav &#8211; kojem sam se zakleo &#8211; obvezuje da brinem za redovno i uskla\u0111eno djelovanje, kao i za stabilnost dr\u017eavne vlasti, odlu\u010dio sam upozoriti hrvatsku javnost na ozbiljnu prijetnju ustavno-pravnom i demokratskom poretku koji sprema Vlada Andreja Plenkovi\u0107a&#8221;, rekao je Milanovi\u0107 u direktnom <a href=\"https:\/\/vijesti.hrt.hr\/hrvatska\/obracanje-naciji-predsjednika-republike-zorana-milanovica-10880076\">TV prenosu na HRT.<\/a><\/p>\n<p>Milanovi\u0107 je rekao da je obavije\u0161ten kako Vlada, mimo Ustava, namjerava Vojnu bezbjednosnu-obavje\u0161tajnu agenciju staviti pod direktno upravljanje Ministarstva odbrane.<\/p>\n<p>Umjesto po\u0161tovanja ustavne procedure za imenovanje direktora Vojne sigurnosno-obavje\u0161tajne agencije i suprotno ustaljenoj demokratskoj praksi, Vlada je pripremila, saop\u0161tio je on, neustavno rje\u0161enje prema kojemu bi privremenog \u010delnika Agencije postavljao i razrje\u0161avao ministar odbrane.<\/p>\n<p>\u017delim biti jasan: to je politi\u010dki udar Andreja Plenkovi\u0107a na ustavni poredak i demokratju koji Hrvatsku vra\u0107a u doba kada su obavje\u0161tajne slu\u017ebe bile pod izravnom kontrolom vladaju\u0107e stranke..<\/p>\n<p>&#8220;Kao predsjednik Republike i ujedno Vrhovni zapovjednik Oru\u017eanih snaga Republike Hrvatske pozivam Vladu da to ne \u010dini jer \u0107u biti prisiljen reagovati u skladu sa svojim ovla\u0161\u0107enjima&#8221;,\u00a0 kazao je hrvatski predsjednik.<\/p>\n<p><iframe loading=\"lazy\" style=\"border: none; overflow: hidden;\" src=\"https:\/\/www.facebook.com\/plugins\/video.php?height=314&amp;href=https%3A%2F%2Fwww.facebook.com%2FHRTvijesti%2Fvideos%2F611845587724140%2F&amp;show_text=false&amp;width=560&amp;t=0\" width=\"560\" height=\"314\" frameborder=\"0\" scrolling=\"no\" allowfullscreen=\"allowfullscreen\"><\/iframe><\/p>\n","protected":false},"excerpt":{"rendered":"<p>Hrvatski predsjednik Zoran Milanovi\u0107 obratio se ve\u010daras naciji i saop\u0161tio ozbiljne optu\u017ebe na ra\u010dun premijera Plenkovi\u0107a. &#8220;Budu\u0107i da me hrvatski Ustav &#8211; kojem sam se zakleo &#8211; obvezuje da brinem za redovno i uskla\u0111eno djelovanje, kao i za stabilnost dr\u017eavne vlasti, odlu\u010dio sam upozoriti hrvatsku javnost na ozbiljnu prijetnju ustavno-pravnom i demokratskom poretku koji sprema [&hellip;]<\/p>\n","protected":false},"author":1,"featured_media":342120,"comment_status":"open","ping_status":"closed","sticky":false,"template":"","format":"standard","meta":{"_seopress_robots_primary_cat":"none","_seopress_titles_title":"","_seopress_titles_desc":"","_seopress_robots_index":"","_et_pb_use_builder":"","_et_pb_old_content":"","_et_gb_content_width":"","inline_featured_image":false,"footnotes":""},"categories":[14],"tags":[],"class_list":["post-372992","post","type-post","status-publish","format-standard","has-post-thumbnail","hentry","category-vijesti"],"_links":{"self":[{"href":"https:\/\/www.pcnen.com\/portal\/wp-json\/wp\/v2\/posts\/372992","targetHints":{"allow":["GET"]}}],"collection":[{"href":"https:\/\/www.pcnen.com\/portal\/wp-json\/wp\/v2\/posts"}],"about":[{"href":"https:\/\/www.pcnen.com\/portal\/wp-json\/wp\/v2\/types\/post"}],"author":[{"embeddable":true,"href":"https:\/\/www.pcnen.com\/portal\/wp-json\/wp\/v2\/users\/1"}],"replies":[{"embeddable":true,"href":"https:\/\/www.pcnen.com\/portal\/wp-json\/wp\/v2\/comments?post=372992"}],"version-history":[{"count":1,"href":"https:\/\/www.pcnen.com\/portal\/wp-json\/wp\/v2\/posts\/372992\/revisions"}],"predecessor-version":[{"id":372995,"href":"https:\/\/www.pcnen.com\/portal\/wp-json\/wp\/v2\/posts\/372992\/revisions\/372995"}],"wp:featuredmedia":[{"embeddable":true,"href":"https:\/\/www.pcnen.com\/portal\/wp-json\/wp\/v2\/media\/342120"}],"wp:attachment":[{"href":"https:\/\/www.pcnen.com\/portal\/wp-json\/wp\/v2\/media?parent=372992"}],"wp:term":[{"taxonomy":"category","embeddable":true,"href":"https:\/\/www.pcnen.com\/portal\/wp-json\/wp\/v2\/categories?post=372992"},{"taxonomy":"post_tag","embeddable":true,"href":"https:\/\/www.pcnen.com\/portal\/wp-json\/wp\/v2\/tags?post=372992"}],"curies":[{"name":"wp","href":"https:\/\/api.w.org\/{rel}","templated":true}]}}