{"id":371306,"date":"2023-06-14T15:38:05","date_gmt":"2023-06-14T13:38:05","guid":{"rendered":"https:\/\/www.pcnen.com\/portal\/?p=371306"},"modified":"2023-06-14T15:38:05","modified_gmt":"2023-06-14T13:38:05","slug":"micev-sjutra-nevrijeme-od-ponedjeljka-ljeto-u-pravom-smislu-te-rijeci","status":"publish","type":"post","link":"https:\/\/www.pcnen.com\/portal\/2023\/06\/14\/micev-sjutra-nevrijeme-od-ponedjeljka-ljeto-u-pravom-smislu-te-rijeci\/","title":{"rendered":"Micev: Sjutra nevrijeme, od ponedjeljka ljeto u pravom smislu te rije\u010di"},"content":{"rendered":"<p>U du\u017eem vremenskom periodu imamo i imali smo nestabilne vremenske prilike sa u\u010destalom pojavom ki\u0161e. Gotovo svakodnevno popodne imamo lokalne pljuskove sa grmljavinom, posebno u kontinentalnim oblastima. Ovakve situacije za jun su tipi\u010dne, karakteristi\u010dne i svojstvene za jun, ali za sjeverni dio Crne Gore i u pravcu centralnih planinskih oblasti, kazao je za portal Dan meteorolog Branko Micev.<\/p>\n<p>\u201eZa ju\u017eni i centralni dio ovo nije tipi\u010dna situacija i zna\u010dajno odstupa od neke klimatske normale, da u ovom periodu budu svakodnevne ki\u0161e, dok je uobi\u010dajeno za sjeverni dio. Za sjever Crne Gore je to karakteristi\u010dno i najve\u0107a je u\u010destalost ki\u0161e\u201c, istakao je Micev.<\/p>\n<p>Nagla\u0161ava da nas od sjutra do nedjelje o\u010dekuje i dalje nestabilne vremenske prilike \u2013 ki\u0161a, pljuskovi sa grmljavinom.<\/p>\n<p>\u201eU \u010detvrtak na podru\u010dju Crne Gore o\u010dekuju se prili\u010dno i jako nestabilne vremenske prilike sa burnim razvojem grmljavinskih oblaka i o\u010dekuju se lokalno, naro\u010dito na jugu, odnosno na jugozapadu regiona \u2013 Orjena, Cetinja, zapadno Niki\u0161i\u0107 \u2013 obilne kratkotrajne padavine i mogu\u0107e su odre\u0111ene posljedice zbog velike koli\u010dine ki\u0161e. Kratkotrajno mogu\u0107e olujne grmljavinske nepogode \u2013 grad, olujni vjetrovi, zbog direktnog udara olujno-grmljavinskih oblaka. Zna\u010di nestabilne vremenske prilike sa uslovima za kratkotrajne olujne nepogode i mogu\u0107i buji\u010dni problemi u odre\u0111enim lokalitetima, posebno karakteristi\u010dno za jugozapadni dio Crne Gore\u201c, kazao je Micev.<\/p>\n<p>Kada su u pitanju temperature, Micev navodi da \u0107e one sjutra i preksjutra imati tendenciju kratkotrajnog pada i nestabilne vremenske prilike do nedjelje. Do nedjelje \u0107emo, isti\u010de, svakodnevno imati vremenske prilike pra\u0107ene ki\u0161om, s tim \u0161to nas sjutra o\u010dekuju kratkotrajno obilne padavine.<\/p>\n<p>\u201eNa osnovu prognosti\u010dkog materijala, od ponedjeljka o\u010dekuje nas stabilizacija vremenskih prilika i osjetno toplije vrijeme. Od ponedjeljka nas o\u010dekuje ono \u0161to se i o\u010dekuje za ovo doba godine \u2013 ljeto u pravom smislu te rije\u010di, meteorolo\u0161ki. Toplo, sun\u010dano, \u010dak veoma sun\u010dano od ponedjeljka do kraja sedmice, temperature i do 35 stepeni u Podgorici\u201c, dodao je.<\/p>\n<p>Temperatura \u0107e, navodi, biti u stalnom porastu, i ve\u0107 od \u010detvrtka naredne nedjelje, 22. i 23. jun dosti\u0107i \u0107e 35 stepeni na podru\u010dju zetsko-bjelopavli\u0107ke ravnice.<\/p>\n<p>\u201eZa petak, subotu i nedjelju o\u010dekuje nas poja\u010dan sjeverni, sjeveroisto\u010dni vjetar u sjevernim i centralnim oblastima. Tako\u0111e \u0107e biti uslova za ki\u0161u, a stabilnije vrijeme od 19. juna \u2013 sun\u010dano i porast temperature\u201c, kazao je Micev.<\/p>\n","protected":false},"excerpt":{"rendered":"<p>U du\u017eem vremenskom periodu imamo i imali smo nestabilne vremenske prilike sa u\u010destalom pojavom ki\u0161e. Gotovo svakodnevno popodne imamo lokalne pljuskove sa grmljavinom, posebno u kontinentalnim oblastima. Ovakve situacije za jun su tipi\u010dne, karakteristi\u010dne i svojstvene za jun, ali za sjeverni dio Crne Gore i u pravcu centralnih planinskih oblasti, kazao je za portal Dan [&hellip;]<\/p>\n","protected":false},"author":1,"featured_media":301594,"comment_status":"open","ping_status":"closed","sticky":false,"template":"","format":"standard","meta":{"_seopress_robots_primary_cat":"","_seopress_titles_title":"","_seopress_titles_desc":"","_seopress_robots_index":"","_et_pb_use_builder":"","_et_pb_old_content":"","_et_gb_content_width":"","inline_featured_image":false,"footnotes":""},"categories":[14],"tags":[],"class_list":["post-371306","post","type-post","status-publish","format-standard","has-post-thumbnail","hentry","category-vijesti"],"_links":{"self":[{"href":"https:\/\/www.pcnen.com\/portal\/wp-json\/wp\/v2\/posts\/371306","targetHints":{"allow":["GET"]}}],"collection":[{"href":"https:\/\/www.pcnen.com\/portal\/wp-json\/wp\/v2\/posts"}],"about":[{"href":"https:\/\/www.pcnen.com\/portal\/wp-json\/wp\/v2\/types\/post"}],"author":[{"embeddable":true,"href":"https:\/\/www.pcnen.com\/portal\/wp-json\/wp\/v2\/users\/1"}],"replies":[{"embeddable":true,"href":"https:\/\/www.pcnen.com\/portal\/wp-json\/wp\/v2\/comments?post=371306"}],"version-history":[{"count":1,"href":"https:\/\/www.pcnen.com\/portal\/wp-json\/wp\/v2\/posts\/371306\/revisions"}],"predecessor-version":[{"id":371307,"href":"https:\/\/www.pcnen.com\/portal\/wp-json\/wp\/v2\/posts\/371306\/revisions\/371307"}],"wp:featuredmedia":[{"embeddable":true,"href":"https:\/\/www.pcnen.com\/portal\/wp-json\/wp\/v2\/media\/301594"}],"wp:attachment":[{"href":"https:\/\/www.pcnen.com\/portal\/wp-json\/wp\/v2\/media?parent=371306"}],"wp:term":[{"taxonomy":"category","embeddable":true,"href":"https:\/\/www.pcnen.com\/portal\/wp-json\/wp\/v2\/categories?post=371306"},{"taxonomy":"post_tag","embeddable":true,"href":"https:\/\/www.pcnen.com\/portal\/wp-json\/wp\/v2\/tags?post=371306"}],"curies":[{"name":"wp","href":"https:\/\/api.w.org\/{rel}","templated":true}]}}