{"id":37128,"date":"2010-07-02T19:30:31","date_gmt":"2010-07-02T19:30:31","guid":{"rendered":"http:\/\/www.pcnen.com\/portal\/?p=37128"},"modified":"2010-07-02T19:30:31","modified_gmt":"2010-07-02T19:30:31","slug":"obustavljen-postupak-protiv-direktora-montenegroerlajnza","status":"publish","type":"post","link":"https:\/\/www.pcnen.com\/portal\/2010\/07\/02\/obustavljen-postupak-protiv-direktora-montenegroerlajnza\/","title":{"rendered":"Obustavljen postupak protiv direktora &#8216;Montenegroerlajnza&#8217;"},"content":{"rendered":"<p>Dr\u017eavno tu\u017eila&scaron;tvo odustalo je od procesa protiv predsjednika Odbora direktora <em>Montenegroerlajnza<\/em> Zorana \u0110uri&scaron;i\u0107a i njegovog saradnika Vladimira \u0110elevi\u0107a, koji su bili okrivljeni za milionsku zloupotrebu.<\/p>\n<p>\u0110uri&scaron;i\u0107 je rekao da je jo&scaron; pod stresom zbog vi&scaron;egodi&scaron;njih pritisaka kojima su bili izlo\u017eeni i on i njegova porodica. <\/p>\n<p>On je za <em>TV Vijesti<\/em> rekao da \u0107e se javno oglasiti kada dobije zvani\u010dno rje&scaron;enje o obustavi postupka i da \u0107e imati &scaron;ta da ka\u017ee povodom ovoga slu\u010daja.<\/p>\n","protected":false},"excerpt":{"rendered":"<p>Dr\u017eavno tu\u017eila&scaron;tvo odustalo je od procesa protiv predsjednika Odbora direktora Montenegroerlajnza Zorana \u0110uri&scaron;i\u0107a i njegovog saradnika Vladimira \u0110elevi\u0107a, koji su bili okrivljeni za milionsku zloupotrebu. \u0110uri&scaron;i\u0107 je rekao da je jo&scaron; pod stresom zbog vi&scaron;egodi&scaron;njih pritisaka kojima su bili izlo\u017eeni i on i njegova porodica. On je za TV Vijesti rekao da \u0107e se javno [&hellip;]<\/p>\n","protected":false},"author":1,"featured_media":0,"comment_status":"open","ping_status":"closed","sticky":false,"template":"","format":"standard","meta":{"_seopress_robots_primary_cat":"","_seopress_titles_title":"","_seopress_titles_desc":"","_seopress_robots_index":"","_et_pb_use_builder":"","_et_pb_old_content":"","_et_gb_content_width":"","inline_featured_image":false,"footnotes":""},"categories":[14],"tags":[],"class_list":["post-37128","post","type-post","status-publish","format-standard","hentry","category-vijesti"],"_links":{"self":[{"href":"https:\/\/www.pcnen.com\/portal\/wp-json\/wp\/v2\/posts\/37128","targetHints":{"allow":["GET"]}}],"collection":[{"href":"https:\/\/www.pcnen.com\/portal\/wp-json\/wp\/v2\/posts"}],"about":[{"href":"https:\/\/www.pcnen.com\/portal\/wp-json\/wp\/v2\/types\/post"}],"author":[{"embeddable":true,"href":"https:\/\/www.pcnen.com\/portal\/wp-json\/wp\/v2\/users\/1"}],"replies":[{"embeddable":true,"href":"https:\/\/www.pcnen.com\/portal\/wp-json\/wp\/v2\/comments?post=37128"}],"version-history":[{"count":0,"href":"https:\/\/www.pcnen.com\/portal\/wp-json\/wp\/v2\/posts\/37128\/revisions"}],"wp:attachment":[{"href":"https:\/\/www.pcnen.com\/portal\/wp-json\/wp\/v2\/media?parent=37128"}],"wp:term":[{"taxonomy":"category","embeddable":true,"href":"https:\/\/www.pcnen.com\/portal\/wp-json\/wp\/v2\/categories?post=37128"},{"taxonomy":"post_tag","embeddable":true,"href":"https:\/\/www.pcnen.com\/portal\/wp-json\/wp\/v2\/tags?post=37128"}],"curies":[{"name":"wp","href":"https:\/\/api.w.org\/{rel}","templated":true}]}}