{"id":37127,"date":"2010-07-02T19:00:27","date_gmt":"2010-07-02T19:00:27","guid":{"rendered":"http:\/\/www.pcnen.com\/portal\/?p=37127"},"modified":"2010-07-02T19:00:27","modified_gmt":"2010-07-02T19:00:27","slug":"pomjerena-tadiceva-posjeta-podgorici","status":"publish","type":"post","link":"https:\/\/www.pcnen.com\/portal\/2010\/07\/02\/pomjerena-tadiceva-posjeta-podgorici\/","title":{"rendered":"Pomjerena Tadi\u0107eva posjeta Podgorici"},"content":{"rendered":"<p>Zvani\u010dna posjeta predsjednika Srbije Borisa Tadi\u0107a Crnoj Gori, zakazana za 6. i 7. juli, odgo\u0111ena je za 8. i 9. juli, zbog hitnog puta Tadi\u0107a u Njujork na sjednicu Savjeta bezbijednosti Ujedinjenih nacija, saop&scaron;tila je Pres slu\u017eba predsjednika Republike.<\/p>\n<p>Zbog novonastale situacije u sjevernom dijelu Kosovske Mitrovice Tadi\u0107 mora hitno da putuje u Njujork na sjednicu SB UN, zakazanu za utorak 6. jula.<\/p>\n<p>O razlozima odga\u0111anja posjete Crnoj Gori, Tadi\u0107 je obavijestio crnogorskog predsjednika Filipa Vujanovi\u0107a, koji je izrazio razumijevanje za pomjeranje termina, saop&scaron;tila je Pres slu\u017eba.<\/p>\n","protected":false},"excerpt":{"rendered":"<p>Zvani\u010dna posjeta predsjednika Srbije Borisa Tadi\u0107a Crnoj Gori, zakazana za 6. i 7. juli, odgo\u0111ena je za 8. i 9. juli, zbog hitnog puta Tadi\u0107a u Njujork na sjednicu Savjeta bezbijednosti Ujedinjenih nacija, saop&scaron;tila je Pres slu\u017eba predsjednika Republike. Zbog novonastale situacije u sjevernom dijelu Kosovske Mitrovice Tadi\u0107 mora hitno da putuje u Njujork na [&hellip;]<\/p>\n","protected":false},"author":1,"featured_media":0,"comment_status":"open","ping_status":"closed","sticky":false,"template":"","format":"standard","meta":{"_seopress_robots_primary_cat":"","_seopress_titles_title":"","_seopress_titles_desc":"","_seopress_robots_index":"","_et_pb_use_builder":"","_et_pb_old_content":"","_et_gb_content_width":"","inline_featured_image":false,"footnotes":""},"categories":[14],"tags":[],"class_list":["post-37127","post","type-post","status-publish","format-standard","hentry","category-vijesti"],"_links":{"self":[{"href":"https:\/\/www.pcnen.com\/portal\/wp-json\/wp\/v2\/posts\/37127","targetHints":{"allow":["GET"]}}],"collection":[{"href":"https:\/\/www.pcnen.com\/portal\/wp-json\/wp\/v2\/posts"}],"about":[{"href":"https:\/\/www.pcnen.com\/portal\/wp-json\/wp\/v2\/types\/post"}],"author":[{"embeddable":true,"href":"https:\/\/www.pcnen.com\/portal\/wp-json\/wp\/v2\/users\/1"}],"replies":[{"embeddable":true,"href":"https:\/\/www.pcnen.com\/portal\/wp-json\/wp\/v2\/comments?post=37127"}],"version-history":[{"count":0,"href":"https:\/\/www.pcnen.com\/portal\/wp-json\/wp\/v2\/posts\/37127\/revisions"}],"wp:attachment":[{"href":"https:\/\/www.pcnen.com\/portal\/wp-json\/wp\/v2\/media?parent=37127"}],"wp:term":[{"taxonomy":"category","embeddable":true,"href":"https:\/\/www.pcnen.com\/portal\/wp-json\/wp\/v2\/categories?post=37127"},{"taxonomy":"post_tag","embeddable":true,"href":"https:\/\/www.pcnen.com\/portal\/wp-json\/wp\/v2\/tags?post=37127"}],"curies":[{"name":"wp","href":"https:\/\/api.w.org\/{rel}","templated":true}]}}