{"id":37126,"date":"2010-07-02T18:51:42","date_gmt":"2010-07-02T18:51:42","guid":{"rendered":"http:\/\/www.pcnen.com\/portal\/?p=37126"},"modified":"2010-07-02T18:51:42","modified_gmt":"2010-07-02T18:51:42","slug":"ja-darko-saric","status":"publish","type":"post","link":"https:\/\/www.pcnen.com\/portal\/2010\/07\/02\/ja-darko-saric\/","title":{"rendered":"&#8220;Ja, Darko \u0160ari\u0107&#8230;&#8221;"},"content":{"rendered":"<p><em>B92 <\/em>imao uvid u pismo Darka &Scaron;ari\u0107a, koje je poslao na nekoliko adresa u Srbiji, a u kome tvrdi da su sve optu\u017ebe koje mu se stavljaju na teret la\u017ene.<\/p>\n<p>&quot;Ja, Darko &Scaron;ari\u0107, obra\u0107am se javnosti na ovaj na\u010din iz razloga &scaron;to se nadamnom vr&scaron;i javni lin\u010d putem medija i odre\u0111enih struktura vlasi u Srbiji&quot;, po\u010dinje svoje pismo Darko &Scaron;ari\u0107. <\/p>\n<p>&quot;Moja imovina je ste\u010dena onoliko zakonito koliko i imovina velikog broja politi\u010dara i biznismena u Srbiji i u regionu. Po&scaron;to nijednom do sada niste objavili, a vrlo dobro znate, da samo iz jednog posla izme\u0111u moje firme i jedne poznate njema\u010dke firme, imam 30 miliona eura na svom ra\u010dunu, kao i da nijednom do sada niste objavili da sam prije pet godina, kada je donijet zakon u Srbiji o legalizaciji i prijavi imovine, sve uredno prijavio i dobio sve papire o istoj, vi ste to jednostavno oteli&quot;, stoji u pismu. <\/p>\n<p>&Scaron;ari\u0107 tvrdi da posjeduje dokaze koje \u0107e prezentovati nadle\u017enom sudu kada se stvore uslovi i najavljuje krivi\u010dne prijave protiv medija koji kako sam tvrdi, &scaron;ire neistinu o njemu. <\/p>\n<p>Darko &Scaron;ari\u0107 dalje optu\u017euje dr\u017eavnog sekretara u Ministarstvu pravde Slobodana Homena da objavljuje neistine kada govori o pripremama atentata na Borisa Tadi\u0107a i Mileta Jerkovi\u0107a. <\/p>\n<p>&quot;Osim ovih &lsquo;atentata&#8217;, tu su i druga raznorazna ubistva, povezanost sa Lukom Bojovi\u0107em, Cvetkom Simi\u0107em, Sretkom Kalini\u0107em i zemunskim klanom, kao i predstavljanje mene kao njihovog nalogodavca, &scaron;to je ortodoksna la\u017e i o\u010digledna \u017eelja gospodina Homena i nekih njegovih prijatelja da skrenu istinu i prikriju prave nalogodavce koji su mo\u017eda u njihovoj slu\u017ebi. Za ovakve klevete i la\u017ei potra\u017ei\u0107u pravdu na sudu&quot;, navodi &Scaron;ari\u0107. <\/p>\n<p>Darko &Scaron;ari\u0107 pismo javnosti Srbije zavr&scaron;ava rije\u010dima da mu je \u017eao &scaron;to sve ovo ne mo\u017ee li\u010dno da izjavi i ima fer su\u0111enje i da je prinu\u0111en da na ovaj na\u010din demantuje gnusne la\u017ei i zatra\u017ei pravdu, koju \u0107e, kako tvrdi, kad tad imati.<\/p>\n","protected":false},"excerpt":{"rendered":"<p>B92 imao uvid u pismo Darka &Scaron;ari\u0107a, koje je poslao na nekoliko adresa u Srbiji, a u kome tvrdi da su sve optu\u017ebe koje mu se stavljaju na teret la\u017ene. &quot;Ja, Darko &Scaron;ari\u0107, obra\u0107am se javnosti na ovaj na\u010din iz razloga &scaron;to se nadamnom vr&scaron;i javni lin\u010d putem medija i odre\u0111enih struktura vlasi u Srbiji&quot;, [&hellip;]<\/p>\n","protected":false},"author":1,"featured_media":0,"comment_status":"open","ping_status":"closed","sticky":false,"template":"","format":"standard","meta":{"_seopress_robots_primary_cat":"","_seopress_titles_title":"","_seopress_titles_desc":"","_seopress_robots_index":"","_et_pb_use_builder":"","_et_pb_old_content":"","_et_gb_content_width":"","inline_featured_image":false,"footnotes":""},"categories":[14],"tags":[],"class_list":["post-37126","post","type-post","status-publish","format-standard","hentry","category-vijesti"],"_links":{"self":[{"href":"https:\/\/www.pcnen.com\/portal\/wp-json\/wp\/v2\/posts\/37126","targetHints":{"allow":["GET"]}}],"collection":[{"href":"https:\/\/www.pcnen.com\/portal\/wp-json\/wp\/v2\/posts"}],"about":[{"href":"https:\/\/www.pcnen.com\/portal\/wp-json\/wp\/v2\/types\/post"}],"author":[{"embeddable":true,"href":"https:\/\/www.pcnen.com\/portal\/wp-json\/wp\/v2\/users\/1"}],"replies":[{"embeddable":true,"href":"https:\/\/www.pcnen.com\/portal\/wp-json\/wp\/v2\/comments?post=37126"}],"version-history":[{"count":0,"href":"https:\/\/www.pcnen.com\/portal\/wp-json\/wp\/v2\/posts\/37126\/revisions"}],"wp:attachment":[{"href":"https:\/\/www.pcnen.com\/portal\/wp-json\/wp\/v2\/media?parent=37126"}],"wp:term":[{"taxonomy":"category","embeddable":true,"href":"https:\/\/www.pcnen.com\/portal\/wp-json\/wp\/v2\/categories?post=37126"},{"taxonomy":"post_tag","embeddable":true,"href":"https:\/\/www.pcnen.com\/portal\/wp-json\/wp\/v2\/tags?post=37126"}],"curies":[{"name":"wp","href":"https:\/\/api.w.org\/{rel}","templated":true}]}}