{"id":37125,"date":"2010-07-02T16:47:30","date_gmt":"2010-07-02T16:47:30","guid":{"rendered":"http:\/\/www.pcnen.com\/portal\/?p=37125"},"modified":"2010-07-02T16:47:30","modified_gmt":"2010-07-02T16:47:30","slug":"beograd-fejt-odgovoran-za-posljedice-napada","status":"publish","type":"post","link":"https:\/\/www.pcnen.com\/portal\/2010\/07\/02\/beograd-fejt-odgovoran-za-posljedice-napada\/","title":{"rendered":"Beograd: Fejt odgovoran za posljedice napada"},"content":{"rendered":"<p>Savjet za nacionalnu bezbjednost Srbije je ocijenio danas da je bomba&scaron;ki napad u sjevernoj Kosovskoj Mitrovici &quot;teroristi\u010dki akt albanskih separatista&quot; za \u010dije posljedice odgovornost treba da snosi specijalni izaslanik EU na Kosovu Piter Fejt.<\/p>\n<p>&quot;Podr\u017eavaju\u0107i i sprovode\u0107i poku&scaron;aj otvaranja kancelarije privremenih institucija, Piter Fejt je direktno posegnuo za metodama koje su u suprotnosti sa politikom i stavom EU i snosi objektivnu odgovornost za sve posledice dana&scaron;njih tragi\u010dnih dogadjaja&quot;, zaklju\u010deno je na vanrednoj sjednici Savjeta za nacionalnu bezbjednost, prenosi Beta.<\/p>\n<p>Savjet je zatra\u017eio od EU i NATO da se onemogu\u0107e svaki eventualni budu\u0107i poku&scaron;aji jednostranog mijenjanja situacije na terenu Kosova i Metohije, kao i da se ne dozvoli sprovo\u0111enje bilo kog \u010dina koji bi i&scaron;ao u pravcu poku&scaron;aja primjene ilegalnog &quot;Plana za sjever Kosova&quot;.<\/p>\n<p>U saop&scaron;tenju koje je medijima dostavio kabinet predsjednika, navedeno je da Savjet zahtijeva da se hitno prona\u0111u i adekvatno kazne po\u010dinioci tog zlo\u010dina, kao i da se onemogu\u0107i svaki dalji poku&scaron;aj &quot;nasilnog otvaranja kancelarije privremenih institucija Kosova&quot;.<\/p>\n<p>Izra\u017eavaju\u0107i opredjeljenje za mir i bezbjednost na Kosovu, Savjet je ocijenio da je bacanje eksplozivne naprave na demonstrante u Mitrovici jo&scaron; jedan od nasilnih poku&scaron;aja uspostavljanja takozvane &quot;nove realnosti&quot; na Kosovu. Dodaje se da je ovaj doga\u0111aj direktna provokacija i naru&scaron;avanje svih javno izra\u017eenih stavova i principa Savjeta bezbjednosti UN i EU, koji su se ogradili od tzv. &quot;Plana za sjever Kosova&quot;.<\/p>\n","protected":false},"excerpt":{"rendered":"<p>Savjet za nacionalnu bezbjednost Srbije je ocijenio danas da je bomba&scaron;ki napad u sjevernoj Kosovskoj Mitrovici &quot;teroristi\u010dki akt albanskih separatista&quot; za \u010dije posljedice odgovornost treba da snosi specijalni izaslanik EU na Kosovu Piter Fejt. &quot;Podr\u017eavaju\u0107i i sprovode\u0107i poku&scaron;aj otvaranja kancelarije privremenih institucija, Piter Fejt je direktno posegnuo za metodama koje su u suprotnosti sa politikom [&hellip;]<\/p>\n","protected":false},"author":1,"featured_media":0,"comment_status":"open","ping_status":"closed","sticky":false,"template":"","format":"standard","meta":{"_seopress_robots_primary_cat":"","_seopress_titles_title":"","_seopress_titles_desc":"","_seopress_robots_index":"","_et_pb_use_builder":"","_et_pb_old_content":"","_et_gb_content_width":"","inline_featured_image":false,"footnotes":""},"categories":[14],"tags":[],"class_list":["post-37125","post","type-post","status-publish","format-standard","hentry","category-vijesti"],"_links":{"self":[{"href":"https:\/\/www.pcnen.com\/portal\/wp-json\/wp\/v2\/posts\/37125","targetHints":{"allow":["GET"]}}],"collection":[{"href":"https:\/\/www.pcnen.com\/portal\/wp-json\/wp\/v2\/posts"}],"about":[{"href":"https:\/\/www.pcnen.com\/portal\/wp-json\/wp\/v2\/types\/post"}],"author":[{"embeddable":true,"href":"https:\/\/www.pcnen.com\/portal\/wp-json\/wp\/v2\/users\/1"}],"replies":[{"embeddable":true,"href":"https:\/\/www.pcnen.com\/portal\/wp-json\/wp\/v2\/comments?post=37125"}],"version-history":[{"count":0,"href":"https:\/\/www.pcnen.com\/portal\/wp-json\/wp\/v2\/posts\/37125\/revisions"}],"wp:attachment":[{"href":"https:\/\/www.pcnen.com\/portal\/wp-json\/wp\/v2\/media?parent=37125"}],"wp:term":[{"taxonomy":"category","embeddable":true,"href":"https:\/\/www.pcnen.com\/portal\/wp-json\/wp\/v2\/categories?post=37125"},{"taxonomy":"post_tag","embeddable":true,"href":"https:\/\/www.pcnen.com\/portal\/wp-json\/wp\/v2\/tags?post=37125"}],"curies":[{"name":"wp","href":"https:\/\/api.w.org\/{rel}","templated":true}]}}