{"id":37119,"date":"2010-07-02T14:18:36","date_gmt":"2010-07-02T14:18:36","guid":{"rendered":"http:\/\/www.pcnen.com\/portal\/?p=37119"},"modified":"2010-07-02T14:18:36","modified_gmt":"2010-07-02T14:18:36","slug":"dilas-i-mugosa-potpisali-protokol","status":"publish","type":"post","link":"https:\/\/www.pcnen.com\/portal\/2010\/07\/02\/dilas-i-mugosa-potpisali-protokol\/","title":{"rendered":"\u0110ilas i Mugo\u0161a potpisali protokol"},"content":{"rendered":"<p>Gradona\u010delnici Beograda i Podgorice Dragan \u0110ilas i Miomir Mugo&scaron;a potpisali su u srpskoj prestonici Protokol o saradnji ta dva grada, prenosi <em>Tanjug<\/em>.&nbsp;<\/p>\n<p>\u0110ilas je izjavio da \u0107e ti gradovi, kroz razmjenu turisti\u010dkih sadr\u017eaja, kulturnih i sportskih, biti nosioci boljih odnosa Srbije i Crne Gore. <\/p>\n<p>\u0110ilas je kazao da mnogo stvari povezuje Beograd i Podgoricu, s obzirom da su nekad bili u zajedni\u010dkoj dr\u017eavi. <\/p>\n<p>Mugo&scaron;a je kazao da \u0107e Protokol omogu\u0107iti da se saradnja Beograda i Podgorice intenzivira i da to &quot;ne\u0107e biti mrtvo slovo na papiru&quot;. <\/p>\n<p>On je dodao da saradnja dva grada nikada nije prestajala i da \u0107e on i gradona\u010delnik Beograda, sa svojim saradnicima, u\u010diniti sve da se pobolj&scaron;a saradnja u regionu<\/p>\n","protected":false},"excerpt":{"rendered":"<p>Gradona\u010delnici Beograda i Podgorice Dragan \u0110ilas i Miomir Mugo&scaron;a potpisali su u srpskoj prestonici Protokol o saradnji ta dva grada, prenosi Tanjug.&nbsp; \u0110ilas je izjavio da \u0107e ti gradovi, kroz razmjenu turisti\u010dkih sadr\u017eaja, kulturnih i sportskih, biti nosioci boljih odnosa Srbije i Crne Gore. \u0110ilas je kazao da mnogo stvari povezuje Beograd i Podgoricu, s [&hellip;]<\/p>\n","protected":false},"author":1,"featured_media":0,"comment_status":"open","ping_status":"closed","sticky":false,"template":"","format":"standard","meta":{"_seopress_robots_primary_cat":"","_seopress_titles_title":"","_seopress_titles_desc":"","_seopress_robots_index":"","_et_pb_use_builder":"","_et_pb_old_content":"","_et_gb_content_width":"","inline_featured_image":false,"footnotes":""},"categories":[14],"tags":[],"class_list":["post-37119","post","type-post","status-publish","format-standard","hentry","category-vijesti"],"_links":{"self":[{"href":"https:\/\/www.pcnen.com\/portal\/wp-json\/wp\/v2\/posts\/37119","targetHints":{"allow":["GET"]}}],"collection":[{"href":"https:\/\/www.pcnen.com\/portal\/wp-json\/wp\/v2\/posts"}],"about":[{"href":"https:\/\/www.pcnen.com\/portal\/wp-json\/wp\/v2\/types\/post"}],"author":[{"embeddable":true,"href":"https:\/\/www.pcnen.com\/portal\/wp-json\/wp\/v2\/users\/1"}],"replies":[{"embeddable":true,"href":"https:\/\/www.pcnen.com\/portal\/wp-json\/wp\/v2\/comments?post=37119"}],"version-history":[{"count":0,"href":"https:\/\/www.pcnen.com\/portal\/wp-json\/wp\/v2\/posts\/37119\/revisions"}],"wp:attachment":[{"href":"https:\/\/www.pcnen.com\/portal\/wp-json\/wp\/v2\/media?parent=37119"}],"wp:term":[{"taxonomy":"category","embeddable":true,"href":"https:\/\/www.pcnen.com\/portal\/wp-json\/wp\/v2\/categories?post=37119"},{"taxonomy":"post_tag","embeddable":true,"href":"https:\/\/www.pcnen.com\/portal\/wp-json\/wp\/v2\/tags?post=37119"}],"curies":[{"name":"wp","href":"https:\/\/api.w.org\/{rel}","templated":true}]}}