{"id":37115,"date":"2010-07-02T12:03:42","date_gmt":"2010-07-02T12:03:42","guid":{"rendered":"http:\/\/www.pcnen.com\/portal\/?p=37115"},"modified":"2010-07-02T12:03:42","modified_gmt":"2010-07-02T12:03:42","slug":"rudarski-protest-ispred-upravne-zgrade","status":"publish","type":"post","link":"https:\/\/www.pcnen.com\/portal\/2010\/07\/02\/rudarski-protest-ispred-upravne-zgrade\/","title":{"rendered":"Rudarski protest ispred upravne zgrade"},"content":{"rendered":"<p>Lider samostalnog sindikata Boksita Borislav Bojanovi\u0107 poru\u010dio je menad\u017ementu da \u0107e radnici iza\u0107i iz upravne zgrade do 7. jula, ako do tada budu ispunjeni njihovi zahtjevi &#8211; uplata dva i po miliona eura u stambeni fond i smjena trojice direktora. <\/p>\n<p>Uprava ih je ju\u010de pozvala da do srijede prekinu &scaron;trajk, oslobode upravnu zgradu i omogu\u0107e administraciji rad, poru\u010duju\u0107i da u suprotnom mo\u017ee uslijediti zatvaranje kompanije i podno&scaron;enje krivi\u010dnih prijava protiv &scaron;trajka\u010da.<\/p>\n<p>Protestu se nijesu pridru\u017eili radnici podgori\u010dkog Kombinata aluminijuma, &scaron;to je nepovoljno odjeknulo me\u0111u rudarima.<\/p>\n","protected":false},"excerpt":{"rendered":"<p>Radnici nik&scaron;i\u0107kih Boksita, zajedno sa porodicama, protestuju&nbsp;danas ispred upravne zgrade preduze\u0107a u kojoj &scaron;trajkuju od 3. juna. Ovaj protest je najavljen kao uvod u radikalizaciju protesta.<\/p>\n","protected":false},"author":1,"featured_media":0,"comment_status":"open","ping_status":"closed","sticky":false,"template":"","format":"standard","meta":{"_seopress_robots_primary_cat":"","_seopress_titles_title":"","_seopress_titles_desc":"","_seopress_robots_index":"","_et_pb_use_builder":"","_et_pb_old_content":"","_et_gb_content_width":"","inline_featured_image":false,"footnotes":""},"categories":[14],"tags":[],"class_list":["post-37115","post","type-post","status-publish","format-standard","hentry","category-vijesti"],"_links":{"self":[{"href":"https:\/\/www.pcnen.com\/portal\/wp-json\/wp\/v2\/posts\/37115","targetHints":{"allow":["GET"]}}],"collection":[{"href":"https:\/\/www.pcnen.com\/portal\/wp-json\/wp\/v2\/posts"}],"about":[{"href":"https:\/\/www.pcnen.com\/portal\/wp-json\/wp\/v2\/types\/post"}],"author":[{"embeddable":true,"href":"https:\/\/www.pcnen.com\/portal\/wp-json\/wp\/v2\/users\/1"}],"replies":[{"embeddable":true,"href":"https:\/\/www.pcnen.com\/portal\/wp-json\/wp\/v2\/comments?post=37115"}],"version-history":[{"count":0,"href":"https:\/\/www.pcnen.com\/portal\/wp-json\/wp\/v2\/posts\/37115\/revisions"}],"wp:attachment":[{"href":"https:\/\/www.pcnen.com\/portal\/wp-json\/wp\/v2\/media?parent=37115"}],"wp:term":[{"taxonomy":"category","embeddable":true,"href":"https:\/\/www.pcnen.com\/portal\/wp-json\/wp\/v2\/categories?post=37115"},{"taxonomy":"post_tag","embeddable":true,"href":"https:\/\/www.pcnen.com\/portal\/wp-json\/wp\/v2\/tags?post=37115"}],"curies":[{"name":"wp","href":"https:\/\/api.w.org\/{rel}","templated":true}]}}