{"id":37112,"date":"2010-07-02T10:25:33","date_gmt":"2010-07-02T10:25:33","guid":{"rendered":"http:\/\/www.pcnen.com\/portal\/?p=37112"},"modified":"2010-07-02T10:25:33","modified_gmt":"2010-07-02T10:25:33","slug":"vehabije-istjerale-muftiju-iz-skopske-dzamije-video","status":"publish","type":"post","link":"https:\/\/www.pcnen.com\/portal\/2010\/07\/02\/vehabije-istjerale-muftiju-iz-skopske-dzamije-video\/","title":{"rendered":"Vehabije istjerale muftiju iz skopske d\u017eamije (video)"},"content":{"rendered":"<p>Islamska vjerska zajednica (IVZ) tvrdi da postoji vehabisti\u010dka-radikalna grupa na \u010delu sa imamom Ramadanom Ramadanijem.<\/p>\n<p>Izjava je uslijedila nakon incidenta koji se dogodio u nedelju na molitvi u jednoj od skopskih d\u017eamija kada je jedna grupa protjerala skopskog muftiju iz Isa Begove D\u017eamije, u &scaron;irem centru Skoplja, a fizi\u010dki je napala i jednog od vjernika koji se suprotstavio takvoj odluci.<\/p>\n<p>Skopski muftija Ibrahim &Scaron;abani izjavio je makedonskim medijima da kriminalno vehabisti\u010dka banda djeluje u Skopskom podru\u010dju osobito u d\u017eamiji gdje se dogodio incident, prenosi <em>Beta<\/em>.<\/p>\n<p>Nakon incidenta IVZ pozvala je makedonsko ministrastvo unutra&scaron;njih poslova da sprovede istragu i da stanu na put radikalnim islamistima, vehabijama, \u010dime se, pi&scaron;e list <em>Ve\u010der<\/em>, prvi put priznaje da postoji vehabizam kao problem u Skoplju.<\/p>\n<p>Za incident u dzamiji IZV je optu\u017eila je Ramadana Ramadanija iz Skoplja, dok je opoziciona Albanska partija DPA optuzila vladaju\u0107u Demokratsku uniju za integraciju da je Ramadani i njegova grupa pod njihovim okriljem.<\/p>\n<p>Ramadani je negirao optu\u017ebe da je vo\u0111a vehabista i pozvao IVZ da ne naru&scaron;ava autonomnost dzamija i da se problem r&scaron;ava institucionalno.<\/p>\n<p>Danas je najavljena molitva u d\u017eamiji u kojoj je do&scaron;lo do incidenta, a saop&scaron;teno je da \u0107e prisustvovati i skopski muftija i Ramadan Ramadani.<\/p>\n<div style=\"text-align: center\"><object classid=\"clsid:D27CDB6E-AE6D-11cf-96B8-444553540000\" codebase=\"http:\/\/download.macromedia.com\/pub\/shockwave\/cabs\/flash\/swflash.cab#version=6,0,29,0\" width=\"452\" height=\"387\"><param name=\"movie\" value=\"http:\/\/www.youtube.com\/v\/_1eIu9fcLSw&amp;hl=en_US&amp;fs=1\" \/><param name=\"quality\" value=\"high\" \/><param name=\"menu\" value=\"false\" \/><param name=\"wmode\" value=\"\" \/><embed src=\"http:\/\/www.youtube.com\/v\/_1eIu9fcLSw&amp;hl=en_US&amp;fs=1\" wmode=\"\" quality=\"high\" menu=\"false\" pluginspage=\"http:\/\/www.macromedia.com\/go\/getflashplayer\" type=\"application\/x-shockwave-flash\" width=\"452\" height=\"387\"><\/embed><\/object><\/div>\n","protected":false},"excerpt":{"rendered":"<p>Islamska vjerska zajednica (IVZ) tvrdi da postoji vehabisti\u010dka-radikalna grupa na \u010delu sa imamom Ramadanom Ramadanijem. Izjava je uslijedila nakon incidenta koji se dogodio u nedelju na molitvi u jednoj od skopskih d\u017eamija kada je jedna grupa protjerala skopskog muftiju iz Isa Begove D\u017eamije, u &scaron;irem centru Skoplja, a fizi\u010dki je napala i jednog od vjernika [&hellip;]<\/p>\n","protected":false},"author":1,"featured_media":0,"comment_status":"open","ping_status":"closed","sticky":false,"template":"","format":"standard","meta":{"_seopress_robots_primary_cat":"","_seopress_titles_title":"","_seopress_titles_desc":"","_seopress_robots_index":"","_et_pb_use_builder":"","_et_pb_old_content":"","_et_gb_content_width":"","inline_featured_image":false,"footnotes":""},"categories":[14],"tags":[],"class_list":["post-37112","post","type-post","status-publish","format-standard","hentry","category-vijesti"],"_links":{"self":[{"href":"https:\/\/www.pcnen.com\/portal\/wp-json\/wp\/v2\/posts\/37112","targetHints":{"allow":["GET"]}}],"collection":[{"href":"https:\/\/www.pcnen.com\/portal\/wp-json\/wp\/v2\/posts"}],"about":[{"href":"https:\/\/www.pcnen.com\/portal\/wp-json\/wp\/v2\/types\/post"}],"author":[{"embeddable":true,"href":"https:\/\/www.pcnen.com\/portal\/wp-json\/wp\/v2\/users\/1"}],"replies":[{"embeddable":true,"href":"https:\/\/www.pcnen.com\/portal\/wp-json\/wp\/v2\/comments?post=37112"}],"version-history":[{"count":0,"href":"https:\/\/www.pcnen.com\/portal\/wp-json\/wp\/v2\/posts\/37112\/revisions"}],"wp:attachment":[{"href":"https:\/\/www.pcnen.com\/portal\/wp-json\/wp\/v2\/media?parent=37112"}],"wp:term":[{"taxonomy":"category","embeddable":true,"href":"https:\/\/www.pcnen.com\/portal\/wp-json\/wp\/v2\/categories?post=37112"},{"taxonomy":"post_tag","embeddable":true,"href":"https:\/\/www.pcnen.com\/portal\/wp-json\/wp\/v2\/tags?post=37112"}],"curies":[{"name":"wp","href":"https:\/\/api.w.org\/{rel}","templated":true}]}}