{"id":37105,"date":"2010-07-01T23:00:09","date_gmt":"2010-07-01T23:00:09","guid":{"rendered":"http:\/\/www.pcnen.com\/portal\/?p=37105"},"modified":"2010-07-01T23:00:09","modified_gmt":"2010-07-01T23:00:09","slug":"vujanovic-cg-spremna-za-sporazum-sa-srbijom","status":"publish","type":"post","link":"https:\/\/www.pcnen.com\/portal\/2010\/07\/01\/vujanovic-cg-spremna-za-sporazum-sa-srbijom\/","title":{"rendered":"Vujanovi\u0107: CG spremna za sporazum sa Srbijom"},"content":{"rendered":"<p>Predsjednici Crne Gore&nbsp;i Hrvatske, Filip Vujanovi\u0107 i Ivo Josipovi\u0107 saop&scaron;tili su na Cetinju da su dvije dr\u017eave spremne da odmah potpi&scaron;u sporazum o izru\u010denju dr\u017eavljana okrivljenih i osu\u0111enih za krivi\u010dna djela organizovanog kriminala i korupcije.<\/p>\n<p>Vujanovi\u0107 je na zajedni\u010dkoj konferenciji za novinare poru\u010dio da Crna Gora \u017eeli da takav sporazum odmah potpi&scaron;e i sa Srbijom.<\/p>\n<p>&quot;Vi znate da \u0107e predsjednik Srbije Boris Tadi\u0107 biti na&scaron; gost naredne sedmice. Spremni smo da odmah zaklju\u010dimo taj sporazum sa Srbijom i da poka\u017eemo da smo do kraja iskreni i privr\u017eeni partneri u borbi protiv organizovanog kriminala&quot;, poru\u010dio je Vujanovi\u0107.<\/p>\n","protected":false},"excerpt":{"rendered":"<p>Predsjednici Crne Gore&nbsp;i Hrvatske, Filip Vujanovi\u0107 i Ivo Josipovi\u0107 saop&scaron;tili su na Cetinju da su dvije dr\u017eave spremne da odmah potpi&scaron;u sporazum o izru\u010denju dr\u017eavljana okrivljenih i osu\u0111enih za krivi\u010dna djela organizovanog kriminala i korupcije. Vujanovi\u0107 je na zajedni\u010dkoj konferenciji za novinare poru\u010dio da Crna Gora \u017eeli da takav sporazum odmah potpi&scaron;e i sa Srbijom. [&hellip;]<\/p>\n","protected":false},"author":1,"featured_media":0,"comment_status":"open","ping_status":"closed","sticky":false,"template":"","format":"standard","meta":{"_seopress_robots_primary_cat":"","_seopress_titles_title":"","_seopress_titles_desc":"","_seopress_robots_index":"","_et_pb_use_builder":"","_et_pb_old_content":"","_et_gb_content_width":"","inline_featured_image":false,"footnotes":""},"categories":[14],"tags":[],"class_list":["post-37105","post","type-post","status-publish","format-standard","hentry","category-vijesti"],"_links":{"self":[{"href":"https:\/\/www.pcnen.com\/portal\/wp-json\/wp\/v2\/posts\/37105","targetHints":{"allow":["GET"]}}],"collection":[{"href":"https:\/\/www.pcnen.com\/portal\/wp-json\/wp\/v2\/posts"}],"about":[{"href":"https:\/\/www.pcnen.com\/portal\/wp-json\/wp\/v2\/types\/post"}],"author":[{"embeddable":true,"href":"https:\/\/www.pcnen.com\/portal\/wp-json\/wp\/v2\/users\/1"}],"replies":[{"embeddable":true,"href":"https:\/\/www.pcnen.com\/portal\/wp-json\/wp\/v2\/comments?post=37105"}],"version-history":[{"count":0,"href":"https:\/\/www.pcnen.com\/portal\/wp-json\/wp\/v2\/posts\/37105\/revisions"}],"wp:attachment":[{"href":"https:\/\/www.pcnen.com\/portal\/wp-json\/wp\/v2\/media?parent=37105"}],"wp:term":[{"taxonomy":"category","embeddable":true,"href":"https:\/\/www.pcnen.com\/portal\/wp-json\/wp\/v2\/categories?post=37105"},{"taxonomy":"post_tag","embeddable":true,"href":"https:\/\/www.pcnen.com\/portal\/wp-json\/wp\/v2\/tags?post=37105"}],"curies":[{"name":"wp","href":"https:\/\/api.w.org\/{rel}","templated":true}]}}