{"id":37104,"date":"2010-07-01T22:54:02","date_gmt":"2010-07-01T22:54:02","guid":{"rendered":"http:\/\/www.pcnen.com\/portal\/?p=37104"},"modified":"2010-07-01T22:54:02","modified_gmt":"2010-07-01T22:54:02","slug":"mup-i-tuzilastvo-dva-puta-posjetili-simovica","status":"publish","type":"post","link":"https:\/\/www.pcnen.com\/portal\/2010\/07\/01\/mup-i-tuzilastvo-dva-puta-posjetili-simovica\/","title":{"rendered":"MUP i Tu\u017eila\u0161tvo dva puta posjetili Simovi\u0107a"},"content":{"rendered":"<p>U posjeti Milo&scaron;u Simovi\u0107u, nedavno uhap&scaron;enom pripadniku &quot;zemunskog klana&quot; u KPZ Zabela, od trenutka kada je prevezen u zatvorsku \u0107eliju, bile su odre\u0111ene osobe iz Tu\u017eila&scaron;tva za organizovani kriminal i MUP-a, potvr\u0111eno je <em>Politici<\/em> u Ministarstvu pravde. <\/p>\n<p>Prema istim saznanjima, bile su dvije posjete i obje su po va\u017ee\u0107oj proceduri i zakonu evidentirane.<\/p>\n<p>Prema saznanjima iz drugog izvora, lista pi&scaron;e da je sa Simovi\u0107em <em>je<\/em> razgovarano o slu\u010dajevima u kojima se pominje njegovo ime i saznanjima koja mo\u017eda mogu da pomognu u tim istragama. <\/p>\n<p>Simovi\u0107 je uhap&scaron;en 10. juna ove godine prilikom nelegalnog prelaska iz Hrvatske u Srbiju, dan nakon &scaron;to je poku&scaron;ao ubistvo Sretka Kalini\u0107a, koji je tako\u0111e uhap&scaron;en.<\/p>\n<p>Simovi\u0107, koji je u odsustvu osu\u0111en na 30 godina zbog ubistva premijera Zorana \u0110in\u0111i\u0107a, odnosno na 40 godina zbog vi&scaron;e likvidacija, ubrzo posle hap&scaron;enja prevezen je u KPZ Zabela na odslu\u017eenje kazne.<\/p>\n","protected":false},"excerpt":{"rendered":"<p>U posjeti Milo&scaron;u Simovi\u0107u, nedavno uhap&scaron;enom pripadniku &quot;zemunskog klana&quot; u KPZ Zabela, od trenutka kada je prevezen u zatvorsku \u0107eliju, bile su odre\u0111ene osobe iz Tu\u017eila&scaron;tva za organizovani kriminal i MUP-a, potvr\u0111eno je Politici u Ministarstvu pravde. Prema istim saznanjima, bile su dvije posjete i obje su po va\u017ee\u0107oj proceduri i zakonu evidentirane. Prema saznanjima [&hellip;]<\/p>\n","protected":false},"author":1,"featured_media":0,"comment_status":"open","ping_status":"closed","sticky":false,"template":"","format":"standard","meta":{"_seopress_robots_primary_cat":"","_seopress_titles_title":"","_seopress_titles_desc":"","_seopress_robots_index":"","_et_pb_use_builder":"","_et_pb_old_content":"","_et_gb_content_width":"","inline_featured_image":false,"footnotes":""},"categories":[14],"tags":[],"class_list":["post-37104","post","type-post","status-publish","format-standard","hentry","category-vijesti"],"_links":{"self":[{"href":"https:\/\/www.pcnen.com\/portal\/wp-json\/wp\/v2\/posts\/37104","targetHints":{"allow":["GET"]}}],"collection":[{"href":"https:\/\/www.pcnen.com\/portal\/wp-json\/wp\/v2\/posts"}],"about":[{"href":"https:\/\/www.pcnen.com\/portal\/wp-json\/wp\/v2\/types\/post"}],"author":[{"embeddable":true,"href":"https:\/\/www.pcnen.com\/portal\/wp-json\/wp\/v2\/users\/1"}],"replies":[{"embeddable":true,"href":"https:\/\/www.pcnen.com\/portal\/wp-json\/wp\/v2\/comments?post=37104"}],"version-history":[{"count":0,"href":"https:\/\/www.pcnen.com\/portal\/wp-json\/wp\/v2\/posts\/37104\/revisions"}],"wp:attachment":[{"href":"https:\/\/www.pcnen.com\/portal\/wp-json\/wp\/v2\/media?parent=37104"}],"wp:term":[{"taxonomy":"category","embeddable":true,"href":"https:\/\/www.pcnen.com\/portal\/wp-json\/wp\/v2\/categories?post=37104"},{"taxonomy":"post_tag","embeddable":true,"href":"https:\/\/www.pcnen.com\/portal\/wp-json\/wp\/v2\/tags?post=37104"}],"curies":[{"name":"wp","href":"https:\/\/api.w.org\/{rel}","templated":true}]}}