{"id":37100,"date":"2010-07-01T20:48:53","date_gmt":"2010-07-01T20:48:53","guid":{"rendered":"http:\/\/www.pcnen.com\/portal\/?p=37100"},"modified":"2010-07-01T20:48:53","modified_gmt":"2010-07-01T20:48:53","slug":"veljovic-slovenci-su-nam-rekli-da-je-saric-u-juznoafrickoj-republici","status":"publish","type":"post","link":"https:\/\/www.pcnen.com\/portal\/2010\/07\/01\/veljovic-slovenci-su-nam-rekli-da-je-saric-u-juznoafrickoj-republici\/","title":{"rendered":"Veljovi\u0107: Slovenci su nam rekli da je \u0160ari\u0107 u Ju\u017enoafri\u010dkoj Republici"},"content":{"rendered":"<p>Direktor crnogorske Uprave policije Veselin Veljovi\u0107 izjavio je danas da je bilo pritisaka da se Darko &Scaron;ari\u0107, za kojim je Srbija raspisala me\u0111unarodnu potjernicu zbog &scaron;verca gotovo tri tone kokaina i Ju\u017ene Amerike, nalazi u Crnoj Gori, a da je onda iz Slovenije saop&scaron;teno da je on napustio Balkan i oti&scaron;ao u Ju\u017enoafri\u010dku Republiku.<\/p>\n<p>&quot;Imputirano nam je da je (Stanko) Suboti\u0107 u Crnoj Gori. Imali smo i slu\u010daj Darka &Scaron;ari\u0107a, gdje smo svakodnevno do\u017eivljavali oluje pritisaka i napada i nemogu\u0107ih uslova za djelovanje slu\u017ebe, a onda je iz Slovenije saop&scaron;teno da su identifikovani paso&scaron;i i na\u010din na koji je on ilegalno napustio Balkan i oti&scaron;ao u Ju\u017enoafri\u010dku Republiku&quot;, rekao je Veljovi\u0107.<\/p>\n<p>On je na sjednici skup&scaron;tinskog Odbora za bezbijednost kazao i da je saop&scaron;teno da je &Scaron;ari\u0107 imao vezu sa Beogradom, kao i da taj slu\u010daj vi&scaron;e niko ne komentari&scaron;e.<\/p>\n<p>&quot;To vi&scaron;e ne komentari&scaron;u ni beogradski mediji ni na&scaron;i, na \u017ealost, neprofesionalni mediji&quot;, rekao je Veljovi\u0107.<\/p>\n<p>On smatra da su odre\u0111eni doga\u0111aji bili pravi povod za harangu pojedinih medija, poltii\u010dkih struktura i struktura civilnog dru&scaron;tva i u Crnoj Gori i u Srbiji na crnogorske bezbijednosne strukture.<\/p>\n<p>Veljovi\u0107 je rekao i da su neki slu\u017ebenici Agencije za nacionalnu bezbijednost i pripadnici slu\u017ebe bezbijednosti zloupotrijebljeni objavljivanjem snimaka sa svadbe ro\u017eajskog biznismena Safeta Kali\u0107a. Direktor policije tvrdi da su ti snimci zlonamjerni i da su objavljeni planski i osmi&scaron;ljeno.<\/p>\n","protected":false},"excerpt":{"rendered":"<p>Direktor crnogorske Uprave policije Veselin Veljovi\u0107 izjavio je danas da je bilo pritisaka da se Darko &Scaron;ari\u0107, za kojim je Srbija raspisala me\u0111unarodnu potjernicu zbog &scaron;verca gotovo tri tone kokaina i Ju\u017ene Amerike, nalazi u Crnoj Gori, a da je onda iz Slovenije saop&scaron;teno da je on napustio Balkan i oti&scaron;ao u Ju\u017enoafri\u010dku Republiku. &quot;Imputirano [&hellip;]<\/p>\n","protected":false},"author":1,"featured_media":0,"comment_status":"open","ping_status":"closed","sticky":false,"template":"","format":"standard","meta":{"_seopress_robots_primary_cat":"","_seopress_titles_title":"","_seopress_titles_desc":"","_seopress_robots_index":"","_et_pb_use_builder":"","_et_pb_old_content":"","_et_gb_content_width":"","inline_featured_image":false,"footnotes":""},"categories":[14],"tags":[],"class_list":["post-37100","post","type-post","status-publish","format-standard","hentry","category-vijesti"],"_links":{"self":[{"href":"https:\/\/www.pcnen.com\/portal\/wp-json\/wp\/v2\/posts\/37100","targetHints":{"allow":["GET"]}}],"collection":[{"href":"https:\/\/www.pcnen.com\/portal\/wp-json\/wp\/v2\/posts"}],"about":[{"href":"https:\/\/www.pcnen.com\/portal\/wp-json\/wp\/v2\/types\/post"}],"author":[{"embeddable":true,"href":"https:\/\/www.pcnen.com\/portal\/wp-json\/wp\/v2\/users\/1"}],"replies":[{"embeddable":true,"href":"https:\/\/www.pcnen.com\/portal\/wp-json\/wp\/v2\/comments?post=37100"}],"version-history":[{"count":0,"href":"https:\/\/www.pcnen.com\/portal\/wp-json\/wp\/v2\/posts\/37100\/revisions"}],"wp:attachment":[{"href":"https:\/\/www.pcnen.com\/portal\/wp-json\/wp\/v2\/media?parent=37100"}],"wp:term":[{"taxonomy":"category","embeddable":true,"href":"https:\/\/www.pcnen.com\/portal\/wp-json\/wp\/v2\/categories?post=37100"},{"taxonomy":"post_tag","embeddable":true,"href":"https:\/\/www.pcnen.com\/portal\/wp-json\/wp\/v2\/tags?post=37100"}],"curies":[{"name":"wp","href":"https:\/\/api.w.org\/{rel}","templated":true}]}}