{"id":366961,"date":"2023-03-27T21:34:12","date_gmt":"2023-03-27T19:34:12","guid":{"rendered":"https:\/\/www.pcnen.com\/portal\/?p=366961"},"modified":"2023-03-27T21:34:12","modified_gmt":"2023-03-27T19:34:12","slug":"vjetrovito-bez-padavina","status":"publish","type":"post","link":"https:\/\/www.pcnen.com\/portal\/2023\/03\/27\/vjetrovito-bez-padavina\/","title":{"rendered":"Vjetrovito, bez padavina"},"content":{"rendered":"<p>Na sjeveru \u0107e biti promjenljivo obla\u010dno i hladno, ponegdje uz slabo provijavanje snijega, a mogu\u0107e su i snije\u017ene me\u0107ave.<\/p>\n<p>Vjetar sjevernih smjerova, poja\u010dan i jak, na udare ponegdje i olune ja\u010dine, krajem dana ili tokom no\u0107i \u0107e oslabiti.<\/p>\n<p>Jutarnja temperatura vazduha kreta\u0107e se od -6 do 9, najvi\u0161a dnevna od -2 do 15 stepeni.<\/p>\n<p>U Podgorici \u0107e biti prete\u017eno sun\u010dano, uz povremeno malu do umjerenu obla\u010dnost.<\/p>\n<p>Vjetar sjeverni i sjeveroisto\u010dni bi\u0107e poja\u010dan i jak, na udare i veoma jak, krajem dana \u0107e slabiti. Jutarnja temperatura vazduha bi\u0107e oko 7, najvi\u0161a dnevna do 13 stepeni.<\/p>\n<p>&nbsp;<\/p>\n<p><a href=\"https:\/\/teamextreme.pro\/?team=milivuk&amp;cmp=pcnen\"><img loading=\"lazy\" decoding=\"async\" class=\"aligncenter size-full wp-image-361707\" src=\"https:\/\/www.pcnen.com\/portal\/wp-content\/uploads\/2023\/01\/AI-marketing.jpg\" alt=\"\" width=\"300\" height=\"250\" \/><\/a><\/p>\n","protected":false},"excerpt":{"rendered":"<p>U utorak \u0107e u ju\u017enim i centralnim predjelima Crne Gore biti prete\u017eno sun\u010dano, uz povremeno malu do umjerenu obla\u010dnost.<\/p>\n","protected":false},"author":1,"featured_media":0,"comment_status":"open","ping_status":"closed","sticky":false,"template":"","format":"standard","meta":{"_seopress_robots_primary_cat":"","_seopress_titles_title":"","_seopress_titles_desc":"","_seopress_robots_index":"","_et_pb_use_builder":"","_et_pb_old_content":"","_et_gb_content_width":"","inline_featured_image":false,"footnotes":""},"categories":[14],"tags":[],"class_list":["post-366961","post","type-post","status-publish","format-standard","hentry","category-vijesti"],"_links":{"self":[{"href":"https:\/\/www.pcnen.com\/portal\/wp-json\/wp\/v2\/posts\/366961","targetHints":{"allow":["GET"]}}],"collection":[{"href":"https:\/\/www.pcnen.com\/portal\/wp-json\/wp\/v2\/posts"}],"about":[{"href":"https:\/\/www.pcnen.com\/portal\/wp-json\/wp\/v2\/types\/post"}],"author":[{"embeddable":true,"href":"https:\/\/www.pcnen.com\/portal\/wp-json\/wp\/v2\/users\/1"}],"replies":[{"embeddable":true,"href":"https:\/\/www.pcnen.com\/portal\/wp-json\/wp\/v2\/comments?post=366961"}],"version-history":[{"count":1,"href":"https:\/\/www.pcnen.com\/portal\/wp-json\/wp\/v2\/posts\/366961\/revisions"}],"predecessor-version":[{"id":366962,"href":"https:\/\/www.pcnen.com\/portal\/wp-json\/wp\/v2\/posts\/366961\/revisions\/366962"}],"wp:attachment":[{"href":"https:\/\/www.pcnen.com\/portal\/wp-json\/wp\/v2\/media?parent=366961"}],"wp:term":[{"taxonomy":"category","embeddable":true,"href":"https:\/\/www.pcnen.com\/portal\/wp-json\/wp\/v2\/categories?post=366961"},{"taxonomy":"post_tag","embeddable":true,"href":"https:\/\/www.pcnen.com\/portal\/wp-json\/wp\/v2\/tags?post=366961"}],"curies":[{"name":"wp","href":"https:\/\/api.w.org\/{rel}","templated":true}]}}