{"id":366949,"date":"2023-03-27T17:29:45","date_gmt":"2023-03-27T15:29:45","guid":{"rendered":"https:\/\/www.pcnen.com\/portal\/?p=366949"},"modified":"2023-03-27T17:30:51","modified_gmt":"2023-03-27T15:30:51","slug":"dijaspora-i-glasanje","status":"publish","type":"post","link":"https:\/\/www.pcnen.com\/portal\/2023\/03\/27\/dijaspora-i-glasanje\/","title":{"rendered":"Dijaspora i glasanje"},"content":{"rendered":"<p>Pred drugi, \u201eistorijski\u201c krug predsjedni\u010dkih izbora, u \u017ei\u017ei interesovanja javnosti se na\u0161la dijaspora kao \u201erezervoar glasova\u201c predsjedni\u010dkog kandidata \u0110ukanovi\u0107a. Najuticajniji medijski koncern u Crnoj Gori, \u201eVijesti\u201c, prednja\u010di u aktualizovanju te teme, svjesno ili nesvjesno \u0161ire\u0107i mr\u017enju prema dijaspori koju, uglavnom, \u010dine pripadnici manjinskog naroda, uglavnom glasa\u010da \u0110ukanovi\u0107a i DPS-a.<\/p>\n<p>Vajni gra\u0111anski aktivisti i ni\u0161ta manje vajan NVO sektor mudro \u0107ute na negativnu i eti\u010dki krajnje problemati\u010dnu kampanju prema tom fenomenu \u2013 masovnom dolasku iseljenika na svako glasanje.\u00a0 \u0106ute jer znaju da zamjeriti se veoma uticajnim &#8220;Vijestima&#8221; zna\u010di medijsku nevidljivost i izop\u0161tavanje, sa realnom mogu\u0107no\u0161\u0107u da se kriti\u010dar(i) na\u0111e na njihovoj meti, a biti na meti \u201eVijesti\u201c nije nimalo prijatno. Medijska udru\u017eenje, podjeljena kao sve \u0161to je podjeljeno u Crnoj nam Gori, tako\u0111e nijemo posmatraju ovakvo kr\u0161enje eti\u010dkog kodeksa, ali i objektivnosti \u2013 sa kojom se \u201eVijesti\u201c di\u010de, a koja se ogleda u kampanji otvorene podr\u0161ke jednom predsjedni\u010dkom kandidatu.<\/p>\n<p>Rije\u010d je o kampanji koja se vodi prilozima koji su \u010desto ispod svakog nivoa, a koji dodatno produbljuju animozitet prema manjinskim narodima. Primjer je sino\u0107ni prilog na TV \u201eVijesti\u201c, u kojem je prikazan privatni snimak, gdje \u010dovjek, mogu\u0107e bolestan, pla\u010dnim glasom poziva iseljenike \u201eda sa\u010duvaju opstanak Crne Gore i manjinskih naroda\u201c).<\/p>\n<p>Zaboravne \u0107u podsjetiti \u2013 a Crna Gora pati od zaborava &#8211; da su iste te \u201eVijesti\u201c, istu tu dijasporu, do neukusa \u2013 i opet uz kr\u0161enja novinarskog kodeksa &#8211; svojevremeno ohrabrivale i podsticale da se odazovu na glasanje kada je bio referendum o dr\u017eavno-pravnom\u00a0 statusu Crne Gore. Tada je njihov dolazak veli\u010dan, opisivan kao \u010din vrhunskog patriotizma. Prebrojavanja autobusa i aviona kojim \u0107e dijaspora do\u0107i da glasa, tada je bilo opisivano u potpuno druga\u010dijem kontekstu od onog u kojem to \u201eVijesti\u201c rade ovih dana.<\/p>\n<p>\u0110ukanovi\u0107 \u2013 za koga dijaspora masovno glasa &#8211; je postala dijaspora uglavnom zahvaljuju\u0107i istom tom \u0110ukanovi\u0107u. Politika koju je on persofinikovao je devedesetih manjinske narode zastra\u0161ivala, \u0161ikanirala, deportovala, hapsila njihove \u010delnike, terorisala, medijski ih satanizovala, ubijala \u010dak (Bukovica, Pljevlja, \u0160trbci, deportacija&#8230;). Sjever Crne Gore i svi njeni djelovi u kojima su manjinski narodi dominantni su najnerazvijeniji djelovi Crne Gore, \u0161to zna\u010di da se o njima najmanje vodilo ra\u010duna. I poslije \u201ezaokreta\u201c \u0110ukanovi\u0107a, sjever Crne Gore je ostao njeno slijepo crijevo sa najmanje ulaganja, Malesija tako\u0111e, a Ulcinj najmanje razvijena od svih primorskih op\u0161tina \u2013 bez ijednog hotela visoke kategorije, iako ima najbolje predispozicije za razvoj visokog turizma.<\/p>\n<p>Da li je u pitanju Stokholmski sindrom &#8211; to \u0161to manjiski narodi masovno glasaju svog d\u017eelata &#8211; mnogi su se pitali godinama \u2013 i ja me\u0111u njima.<\/p>\n<p>Nije. U poslednjih par godina sam i sam shvatio da nije to u pitanju.<\/p>\n<p>\u0110ukanovi\u0107 i DPS su promjenili svoj retori\u010dki stav prema manjinskim narodima,\u00a0 ne zato \u0161to ih vole, ve\u0107 iz veoma pragmati\u010dnih razloga; zbog zadovoljenja me\u0111unarodnog standarda i diktata me\u0111unarodne zajednice, istovremeno dobijaju\u0107i\u00a0 najsigurniji i obiman \u201erezervoar glasova\u201c.<\/p>\n<p>Za razliku od njih, biv\u0161a opozicija a sada\u0161nja vlast svako malo je svojim javnim nastupima i retorikom manjinske narode podsje\u0107ala upravo na prvi period \u0110ukanovi\u0107eve vladavine u kome je svaki d\u017eukac mogao da ih neka\u017enjeno omalova\u017eava i \u0161ikanira, period kada su slavljeni kasnije pravosna\u017eno osu\u0111eni\u00a0 ratni zlo\u010dinci, vrijeme u kojem su zbog straha za goli \u017eivot pripadnici manjinskih naroda skidali sa vrata svojih stanova i po\u0161tanskih sandu\u010di\u0107a plo\u010dice sa imenima.<\/p>\n<p>Da podsjetim, sa skup\u0161tinske govornice doju\u010dera\u0161nja opozicija je prijetila iskopavanjem oru\u017eja, zabranom i prijetnjom manjinskm narodima da oni nemaju prava da se mije\u0161aju oko Zakona o slobodi vjeroipovjesti \u2013 da bi upravo njihovim glasovima (Zoronji\u0107, \u0106eman) taj zakon bio usvojen. U toj biv\u0161oj opoziciji a sada\u0161noj vlasti se do idolpoklonstva veli\u010daju crkveni velikodostojnici koji su muslimane nazvali la\u017enim ljudima u la\u017enoj vjeri, progla\u0161avaju najve\u0107im duhovnicima i uzorima oni koji su izjavljivali da muslimani smrde na loj i da im djecu treba pokr\u0161tavati dok su jo\u0161 mala. Kada je ta opozicija najzad do\u0161la na vlast, me\u0111u ministrima su se na\u0161le osobe koje su sa svog visokog polo\u017eaja u javnim nastupima \u0161irili najgori oblik \u0161ovinizma &#8211; kao ministarka Vesna Brati\u0107, na primjer &#8211; a nijedan ministar ili sekretar u ministarstvima osim Abazovi\u0107a nijesu bili iz manjinskih naroda. Veli\u010dan je i rehabilitovan \u010detni\u010dki pokret koji je prema manjinskim narodima imao odnos kakav je imao pokret koji se zalagao za istrebljenje ili preseljenje manjinskih naroda sa ovih prostora \u2013 \u0161to su istorijske \u010dinjenice a ne moj li\u010dni sud.<\/p>\n<p>Sve to je godinama guralo i gura manjnske narode &#8211; od kojih je ogroman broj u dijaspori &#8211; direktno u ruke onom koji je najzaslu\u017eniji za njihovo svojevremeno \u00a0raseljevanje, a koji je, osim njih, unazadio i opusto\u0161io sve ostale gra\u0111ane Crne Gore \u2013 i nju samu. Manjinski narodi, koji su na Balkanu uvjek i svugdje ugro\u017eeni od ve\u0107ine, pogotovo ako su jo\u0161 druga\u010dije vjere &#8211; kao \u0161to su ugro\u017eeni Srbi u Hrvatskoj, Albanci sa Kosova dok su bili u sastavu Srbije, a sada Srbi sa Kosova u okviru Kosova &#8211; uvijek \u0107e se priklanjati manjem zlu, onima koji im naj\u010de\u0161\u0107e neiskreno i iz li\u010dnog politi\u010dkog interesa nude za\u0161titu. Strah za goli opstanak manjinske narode svugdje na Balkanu \u010dini idelanim sredstvom za manipulaciju, koju &#8211; vidimo kroz primjer Crne Gore &#8211;\u00a0 osim politi\u010dara\u00a0 sprovodi i dio medija, kojima je dolazak dijaspore na glasanje u jednom trenutku vrhunski patriotizam, u drugom ne\u0161to ne\u010dasno i iz vi\u0161e aspekata krajnje problemati\u010dno.<\/p>\n<p>Na samom kraju da dodam.<\/p>\n<p>Milatovi\u0107evi nastupi po pitanju dijaspore i njenog dolaska na glasanje su krajnje obazrivi, umjereni, idu u pravcu smirivanja tenzija i animoziteta prema manjinskim narodima kao njenom preovla\u0111uju\u0107em dijelu &#8211; \u0161to pozdravljam, ali komentari njegovih pristalica na dru\u0161tvenim mre\u017eama u kojim oni na najgrublji na\u010din vrije\u0111aju i omalova\u017eavaju dijasporu dovode u sumnju iskrenost njegovih javnih izjava i poziva.<\/p>\n","protected":false},"excerpt":{"rendered":"<p>Pi\u0161e: Omer \u0160ARKI\u0106<\/p>\n","protected":false},"author":12,"featured_media":286086,"comment_status":"open","ping_status":"closed","sticky":false,"template":"","format":"standard","meta":{"_seopress_robots_primary_cat":"","_seopress_titles_title":"","_seopress_titles_desc":"","_seopress_robots_index":"","_et_pb_use_builder":"","_et_pb_old_content":"","_et_gb_content_width":"","inline_featured_image":false,"footnotes":""},"categories":[17],"tags":[1169,3151,1855],"class_list":["post-366949","post","type-post","status-publish","format-standard","has-post-thumbnail","hentry","category-blogovi","tag-omer-sarkic","tag-sijaspora","tag-vijesti"],"_links":{"self":[{"href":"https:\/\/www.pcnen.com\/portal\/wp-json\/wp\/v2\/posts\/366949","targetHints":{"allow":["GET"]}}],"collection":[{"href":"https:\/\/www.pcnen.com\/portal\/wp-json\/wp\/v2\/posts"}],"about":[{"href":"https:\/\/www.pcnen.com\/portal\/wp-json\/wp\/v2\/types\/post"}],"author":[{"embeddable":true,"href":"https:\/\/www.pcnen.com\/portal\/wp-json\/wp\/v2\/users\/12"}],"replies":[{"embeddable":true,"href":"https:\/\/www.pcnen.com\/portal\/wp-json\/wp\/v2\/comments?post=366949"}],"version-history":[{"count":2,"href":"https:\/\/www.pcnen.com\/portal\/wp-json\/wp\/v2\/posts\/366949\/revisions"}],"predecessor-version":[{"id":366954,"href":"https:\/\/www.pcnen.com\/portal\/wp-json\/wp\/v2\/posts\/366949\/revisions\/366954"}],"wp:featuredmedia":[{"embeddable":true,"href":"https:\/\/www.pcnen.com\/portal\/wp-json\/wp\/v2\/media\/286086"}],"wp:attachment":[{"href":"https:\/\/www.pcnen.com\/portal\/wp-json\/wp\/v2\/media?parent=366949"}],"wp:term":[{"taxonomy":"category","embeddable":true,"href":"https:\/\/www.pcnen.com\/portal\/wp-json\/wp\/v2\/categories?post=366949"},{"taxonomy":"post_tag","embeddable":true,"href":"https:\/\/www.pcnen.com\/portal\/wp-json\/wp\/v2\/tags?post=366949"}],"curies":[{"name":"wp","href":"https:\/\/api.w.org\/{rel}","templated":true}]}}