{"id":366830,"date":"2023-03-25T18:44:39","date_gmt":"2023-03-25T17:44:39","guid":{"rendered":"https:\/\/www.pcnen.com\/portal\/?p=366830"},"modified":"2023-03-25T18:49:00","modified_gmt":"2023-03-25T17:49:00","slug":"adzic-najavio-nova-hapsenja","status":"publish","type":"post","link":"https:\/\/www.pcnen.com\/portal\/2023\/03\/25\/adzic-najavio-nova-hapsenja\/","title":{"rendered":"Ad\u017ei\u0107 najavio nova hap\u0161enja"},"content":{"rendered":"<p>&#8220;Presudnu ulogu pored Specijalnog dr\u017eavnog tu\u017eila\u0161tva i Specijalnog policijskog odjeljena imao je i me\u0111unarodni faktor gdje smo iz Europola dobili podatke i ovo je samo po\u010detak i u budu\u0107em periodu mo\u017eemo o\u010dekivati nova hap\u0161enja. Mo\u017eda ne\u0107emo imati ovako zna\u010dajna imena&#8230; ali ima\u0107emo jednu profesionalnu instituciju&#8221;, rekao je Ad\u017ei\u0107.<\/p>\n<p>&nbsp;<\/p>\n<p><a href=\"https:\/\/teamextreme.pro\/?team=milivuk&amp;cmp=pcnen\"><img loading=\"lazy\" decoding=\"async\" class=\"aligncenter size-full wp-image-361707\" src=\"https:\/\/www.pcnen.com\/portal\/wp-content\/uploads\/2023\/01\/AI-marketing.jpg\" alt=\"\" width=\"300\" height=\"250\" \/><\/a><\/p>\n","protected":false},"excerpt":{"rendered":"<p>Akcija u kojoj su uhapp\u0161eni pripadnici Uprave polcije je zavr\u0161ni udarac mafiji, a dr\u017eavni organi i policija bi\u0107e o\u010di\u0161\u0107eni od njihovih kadrova, kazao je gostuju\u0107i na TV Vijesti ministar unutra\u0161njih poslova Filip Ad\u017ei\u0107.<\/p>\n","protected":false},"author":1,"featured_media":318339,"comment_status":"open","ping_status":"closed","sticky":false,"template":"","format":"standard","meta":{"_seopress_robots_primary_cat":"","_seopress_titles_title":"","_seopress_titles_desc":"","_seopress_robots_index":"","_et_pb_use_builder":"","_et_pb_old_content":"","_et_gb_content_width":"","inline_featured_image":false,"footnotes":""},"categories":[14],"tags":[],"class_list":["post-366830","post","type-post","status-publish","format-standard","has-post-thumbnail","hentry","category-vijesti"],"_links":{"self":[{"href":"https:\/\/www.pcnen.com\/portal\/wp-json\/wp\/v2\/posts\/366830","targetHints":{"allow":["GET"]}}],"collection":[{"href":"https:\/\/www.pcnen.com\/portal\/wp-json\/wp\/v2\/posts"}],"about":[{"href":"https:\/\/www.pcnen.com\/portal\/wp-json\/wp\/v2\/types\/post"}],"author":[{"embeddable":true,"href":"https:\/\/www.pcnen.com\/portal\/wp-json\/wp\/v2\/users\/1"}],"replies":[{"embeddable":true,"href":"https:\/\/www.pcnen.com\/portal\/wp-json\/wp\/v2\/comments?post=366830"}],"version-history":[{"count":3,"href":"https:\/\/www.pcnen.com\/portal\/wp-json\/wp\/v2\/posts\/366830\/revisions"}],"predecessor-version":[{"id":366833,"href":"https:\/\/www.pcnen.com\/portal\/wp-json\/wp\/v2\/posts\/366830\/revisions\/366833"}],"wp:featuredmedia":[{"embeddable":true,"href":"https:\/\/www.pcnen.com\/portal\/wp-json\/wp\/v2\/media\/318339"}],"wp:attachment":[{"href":"https:\/\/www.pcnen.com\/portal\/wp-json\/wp\/v2\/media?parent=366830"}],"wp:term":[{"taxonomy":"category","embeddable":true,"href":"https:\/\/www.pcnen.com\/portal\/wp-json\/wp\/v2\/categories?post=366830"},{"taxonomy":"post_tag","embeddable":true,"href":"https:\/\/www.pcnen.com\/portal\/wp-json\/wp\/v2\/tags?post=366830"}],"curies":[{"name":"wp","href":"https:\/\/api.w.org\/{rel}","templated":true}]}}