{"id":366225,"date":"2023-03-16T14:41:25","date_gmt":"2023-03-16T13:41:25","guid":{"rendered":"https:\/\/www.pcnen.com\/portal\/?p=366225"},"modified":"2023-03-16T15:39:49","modified_gmt":"2023-03-16T14:39:49","slug":"stamatovic-bajceta-i-popovic-medu-uhapsenima-u-akciji-sdt-a-i-spo-a","status":"publish","type":"post","link":"https:\/\/www.pcnen.com\/portal\/2023\/03\/16\/stamatovic-bajceta-i-popovic-medu-uhapsenima-u-akciji-sdt-a-i-spo-a\/","title":{"rendered":"Stamatovi\u0107, Baj\u010deta i Popovi\u0107 me\u0111u uhap\u0161enima u akciji SDT-a i SPO-a"},"content":{"rendered":"<p>Nekada\u0161nji komandir podgori\u010dke policije Ivan Stamatovi\u0107 uhap\u0161en je u akciji Specijalnog policijskog odjeljenja (SPO) kojom rukovodi Specijalno dr\u017eavno tu\u017eila\u0161tvo (SDT), dok inspektori i dalje tragaju za njegovim suspendovanim kolegom Neboj\u0161om Bugarinom.<\/p>\n<p>Stamatovi\u0107 je radio u sektoru kojim je rukovodio biv\u0161i pomo\u0107nik direktora Uprave policije Zoran Lazovi\u0107.<\/p>\n<p>Me\u0111u uhap\u0161enima su i biv\u0161i policijski specijalac Vladimir Baj\u010deta i slu\u017ebenik Uprave policije Milan Popovi\u0107, koji je radio u kotorskoj policiji.<\/p>\n<p>Baj\u010deta je biv\u0161i tjelohranitelj Du\u0161ka \u0160ari\u0107a, ro\u0111enog brata navodnog \u0161efa balkanskog narko kartela Darka \u0160ari\u0107a.<\/p>\n<p>Slu\u017ebenici Specijalnog policijskog odjeljenja, prema istim informacijama, tu operaciju sprovode na teritoriji Podgorice, Cetinja i Kotora.<\/p>\n<p>Uhap\u0161ene sumnji\u010de da su blisko sara\u0111ivali sa kava\u010dkim kriminalnim klanom.<\/p>\n<p>U istoj akciji prije dva dana uhap\u0161en je slu\u017ebenik Potra\u017ene jedinice policije Goran Stojanovi\u0107.<\/p>\n<p>&#8220;Na udaru istra\u017eitelja su oni za koje se sumnja da su preko Sky aplikacije ostvarivali nedozvoljene kontakte&#8221;, rekao je ju\u010de izvor Vijesti.<\/p>\n<p>&nbsp;<\/p>\n<p>&nbsp;<\/p>\n<blockquote class=\"wp-embedded-content\" data-secret=\"8RByaMb4HB\"><p><a href=\"https:\/\/www.pcnen.com\/portal\/2023\/03\/16\/uhapsen-policajac-pocela-akcija-ciscenja-policijskih-redova\/\">Uhap\u0161en policajac, po\u010dela akcija \u010di\u0161\u0107enja policijskih redova?<\/a><\/p><\/blockquote>\n<p><iframe loading=\"lazy\" class=\"wp-embedded-content\" sandbox=\"allow-scripts\" security=\"restricted\" style=\"position: absolute; clip: rect(1px, 1px, 1px, 1px);\" title=\"&#8220;Uhap\u0161en policajac, po\u010dela akcija \u010di\u0161\u0107enja policijskih redova?&#8221; &#8212; PCNEN\" src=\"https:\/\/www.pcnen.com\/portal\/2023\/03\/16\/uhapsen-policajac-pocela-akcija-ciscenja-policijskih-redova\/embed\/#?secret=d7rruDKXi7#?secret=8RByaMb4HB\" data-secret=\"8RByaMb4HB\" width=\"600\" height=\"338\" frameborder=\"0\" marginwidth=\"0\" marginheight=\"0\" scrolling=\"no\"><\/iframe><\/p>\n","protected":false},"excerpt":{"rendered":"<p>Biv\u0161i policajac Vladimir Baj\u010deta i slu\u017ebenik te institucije Milan Popovi\u0107 uhap\u0161eni su, izme\u0111u ostalih, u velikoj akciji Specijalnog policijskog odjeljenja, kojom rukovodi Specijalno dr\u017eavno tu\u017eila\u0161tvo, saznaju Vijesti.<\/p>\n","protected":false},"author":1,"featured_media":0,"comment_status":"open","ping_status":"closed","sticky":false,"template":"","format":"standard","meta":{"_seopress_robots_primary_cat":"","_seopress_titles_title":"","_seopress_titles_desc":"","_seopress_robots_index":"","_et_pb_use_builder":"","_et_pb_old_content":"","_et_gb_content_width":"","inline_featured_image":false,"footnotes":""},"categories":[14],"tags":[],"class_list":["post-366225","post","type-post","status-publish","format-standard","hentry","category-vijesti"],"_links":{"self":[{"href":"https:\/\/www.pcnen.com\/portal\/wp-json\/wp\/v2\/posts\/366225","targetHints":{"allow":["GET"]}}],"collection":[{"href":"https:\/\/www.pcnen.com\/portal\/wp-json\/wp\/v2\/posts"}],"about":[{"href":"https:\/\/www.pcnen.com\/portal\/wp-json\/wp\/v2\/types\/post"}],"author":[{"embeddable":true,"href":"https:\/\/www.pcnen.com\/portal\/wp-json\/wp\/v2\/users\/1"}],"replies":[{"embeddable":true,"href":"https:\/\/www.pcnen.com\/portal\/wp-json\/wp\/v2\/comments?post=366225"}],"version-history":[{"count":3,"href":"https:\/\/www.pcnen.com\/portal\/wp-json\/wp\/v2\/posts\/366225\/revisions"}],"predecessor-version":[{"id":366230,"href":"https:\/\/www.pcnen.com\/portal\/wp-json\/wp\/v2\/posts\/366225\/revisions\/366230"}],"wp:attachment":[{"href":"https:\/\/www.pcnen.com\/portal\/wp-json\/wp\/v2\/media?parent=366225"}],"wp:term":[{"taxonomy":"category","embeddable":true,"href":"https:\/\/www.pcnen.com\/portal\/wp-json\/wp\/v2\/categories?post=366225"},{"taxonomy":"post_tag","embeddable":true,"href":"https:\/\/www.pcnen.com\/portal\/wp-json\/wp\/v2\/tags?post=366225"}],"curies":[{"name":"wp","href":"https:\/\/api.w.org\/{rel}","templated":true}]}}