{"id":366223,"date":"2023-03-16T16:31:05","date_gmt":"2023-03-16T15:31:05","guid":{"rendered":"https:\/\/www.pcnen.com\/portal\/?p=366223"},"modified":"2023-03-16T17:35:28","modified_gmt":"2023-03-16T16:35:28","slug":"nedjeljno-sunce","status":"publish","type":"post","link":"https:\/\/www.pcnen.com\/portal\/2023\/03\/16\/nedjeljno-sunce\/","title":{"rendered":"Nedjeljno sunce"},"content":{"rendered":"<p>Meteorolozi prognoziraju da \u0107e u nedjelju biti topao, sun\u010dan dan, pravi prolje\u0107ni, idealan za prvo ovogodi\u0161nje izlaganje suncu. Ako prognoza bude ta\u010dna, vjerovatno me eto na Adi Bojani. Da vidim kolike su promjene u konfiguraciji pla\u017ee i same rijeke u odnosu na pro\u0161lu godinu, skinem se go i bar malo osun\u010dam. Jedine vidne promjene kod nas se de\u0161avaju na Adi, uglavnom one na gore, a svakako mi je dra\u017ee kada se sam skinem go nego da me drugi \u010dine golim, oni koji to rade\u00a0 decenijama, a za koje \u0107e se glasati tog dana. Bio ili ne bio na moru u nedjelju, glasanje \u0107u presko\u010diti. Kako ovo prvo, tako ono drugo. Nikad nijesam glasao manje zlo, ali jesam do skoro bio u zabludi da ima relativno pristojnih i po\u0161tenih politi\u010dkih ponuda kod nas &#8211; tada sam glasao. Iz zablude &#8211; kao \u0161to napisah.<\/p>\n<p>U nedjelju \u0107e narod na meniju \u2013 od koga \u0107e mu zaprijeti, formalno imati sedam predsjedni\u010dkih kandidata, realno\u00a0 tri: \u0110ukanovi\u0107a, Mandi\u0107a i Milatovi\u0107a. Dva stara vuka i jedno novo jagnje koje \u017eeli postati vuk.<\/p>\n<p>Stari vukovi se ne\u0107e lako dati. Privredniku Mandi\u0107u je u pitanju opstanak najprofitnijeg preduze\u0107a od svih koje je u karijeri privrednika osnovao, a poljoprivredom ne \u017eeli da se bavi &#8211; osim u reklamnim spotovima.<\/p>\n<p>\u0110ukanovi\u0107 ponovnom predsjedni\u010dkom kandidaturom prije svega \u017eeli da za\u0161titi svoju slobodu jer izgleda da nije platio ba\u0161 svaki cent poreza i poslovao po svim pravilima u svojim bezbrojnim firmama, te interese sa njim povezanih biznismena i preduze\u0107a koje \u010dine jedan pravi koncern na kome bi mu pozavidjeli i oni u Americi. Zato \u0107e \u0110ukanovi\u0107, sva je prilika, dati kratkoro\u010dnu pozajmicu kolegi Mandi\u0107u, ne bi li ga izvukao iz trenutnu krize koju je za Mandi\u0107evo preduze\u0107e prouzrokavala konkurencija u vidu DOO Jakova Milatovi\u0107a. Normalno, Mandi\u0107 \u0107e odmah, sa kamatom, vratiti pozajmicu \u0110ukanovi\u0107u &#8211; ako ga ona izvu\u010de iz nevolje.<\/p>\n<p>U tom scenariju oba vuka \u0107e biti sita, a ovce im ne broju. Samo jedna bi &#8211; namjerno &#8211; bila izgubljena. Najva\u017enije za njih je da im ve\u0107ina stada ostane u svojini, netaknuta.<\/p>\n<p>Milatovi\u0107, naizgled jagnje, ima \u0161anse da im pomrsi ra\u010dune, ali mu ne\u0107e biti lako \u2013 ne bar onako kako dobar dio stada misli. Ako kojim slu\u010dajem to uspije &#8211; a uspije\u0107e ako pro\u0111e prvi krug, najvi\u0161e \u0107e se tome radovati i imati koristi ovnovi u stadu. Zvoni\u0107e na sva zvona.<\/p>\n<p>O \u0110ukanovi\u0107u i Mandi\u0107u znamo sve, o Milatovi\u0107u kao novoj ponudi, malo, zato je on najzanimljiviji kandidat. Neodoljivo me podsje\u0107a na biv\u0161eg nam predsjednika i svojevremeno najboljeg \u0110ukanovi\u0107evog druga, Bulatovi\u0107a. Iste je ideolo\u0161ke matrice, manira, izgleda naivno kao Bulatovi\u0107, fin je \u2013 \u0161to bi narod rekao, blag i nekako usporen, ljeporje\u010div. Predstavlja se kao gra\u0111anski kandidat a duboko je nacionalni. Miljenik je Crkve &#8211; najja\u010deg politi\u010dkog faktora u zemlji. Ka\u017ee za sebe &#8211; i ka\u017eu za njega, da je kandidat centra i svih gra\u0111ana Crne Gore, a on i pokret kome pripada su preuzeli dobar dio glasa\u010da Demokratskog fronta, te dio glasa\u010da Demokratske Crne Gore koja se tako\u0111e predstavljala gra\u0111anskom &#8211; do poslednjih parlamentarnih izbora, poslije \u010dega su pokazali svoje pravo lice. Kako to da gra\u0111anski kandidat centra masovno preuzima glasa\u010de ekstremno nacionalisti\u010dke desnice i desnog centra? &#8211; meni nije jasno, za razliku od drugih koji u tome ne vide ni\u0161ta neobi\u010dno i \u010dudno. Uz to, dio najbli\u017eih saradnika Milatovi\u0107a je veoma problemati\u010dan, \u0161to je jo\u0161 jedan bitan razlog da imam nepremostiv otklon od njega i pokreta iz kog dolazi.<\/p>\n<p>Podsjeti\u0107u, lider pokreta koji ga je kandidovao se je pokazao kao obi\u010dan la\u017eov &#8211; i \u0161arlatan &#8211; dodao bih. Jedan od najbli\u017eih mu saradnika za kratko vrijeme dok je obavljao visoku funkciju u prethodnoj Vladi namjestio je sebe u nekoliko Upravnih odbora, radnih tijela i pla\u0107enih polo\u017eaja, a zatim je i zaposlenu majku honorarno anga\u017eovao u svom resoru. Drugi mu bliski saradnik je kao zaposlenik advokatske kancelarije radio u korist klijenta suparni\u010dke strane, \u0161to je moralna i profesionalna diskvalifikacija koja ga elimini\u0161e za bilo kakav ozbiljan posao a ne da bude u samom vrhu, po snazi respektabilnog politi\u010dkog pokreta. Sve to navodi me na zaklju\u010dak da su Milatovi\u0107 i pokret kome pripada veoma sli\u010dni starim vukovima i njihovim preduze\u0107ima, koje oni i mi od milja zovemo partijama.<\/p>\n<p>Zato \u0107u ovo biranje presko\u010diti, kako u prvom tako u drugom krugu.<\/p>\n","protected":false},"excerpt":{"rendered":"<p>Pi\u0161e: Omer \u0160ARKI\u0106<\/p>\n","protected":false},"author":12,"featured_media":286086,"comment_status":"open","ping_status":"closed","sticky":false,"template":"","format":"standard","meta":{"_seopress_robots_primary_cat":"","_seopress_titles_title":"","_seopress_titles_desc":"","_seopress_robots_index":"","_et_pb_use_builder":"","_et_pb_old_content":"","_et_gb_content_width":"","inline_featured_image":false,"footnotes":""},"categories":[17],"tags":[],"class_list":["post-366223","post","type-post","status-publish","format-standard","has-post-thumbnail","hentry","category-blogovi"],"_links":{"self":[{"href":"https:\/\/www.pcnen.com\/portal\/wp-json\/wp\/v2\/posts\/366223","targetHints":{"allow":["GET"]}}],"collection":[{"href":"https:\/\/www.pcnen.com\/portal\/wp-json\/wp\/v2\/posts"}],"about":[{"href":"https:\/\/www.pcnen.com\/portal\/wp-json\/wp\/v2\/types\/post"}],"author":[{"embeddable":true,"href":"https:\/\/www.pcnen.com\/portal\/wp-json\/wp\/v2\/users\/12"}],"replies":[{"embeddable":true,"href":"https:\/\/www.pcnen.com\/portal\/wp-json\/wp\/v2\/comments?post=366223"}],"version-history":[{"count":11,"href":"https:\/\/www.pcnen.com\/portal\/wp-json\/wp\/v2\/posts\/366223\/revisions"}],"predecessor-version":[{"id":366247,"href":"https:\/\/www.pcnen.com\/portal\/wp-json\/wp\/v2\/posts\/366223\/revisions\/366247"}],"wp:featuredmedia":[{"embeddable":true,"href":"https:\/\/www.pcnen.com\/portal\/wp-json\/wp\/v2\/media\/286086"}],"wp:attachment":[{"href":"https:\/\/www.pcnen.com\/portal\/wp-json\/wp\/v2\/media?parent=366223"}],"wp:term":[{"taxonomy":"category","embeddable":true,"href":"https:\/\/www.pcnen.com\/portal\/wp-json\/wp\/v2\/categories?post=366223"},{"taxonomy":"post_tag","embeddable":true,"href":"https:\/\/www.pcnen.com\/portal\/wp-json\/wp\/v2\/tags?post=366223"}],"curies":[{"name":"wp","href":"https:\/\/api.w.org\/{rel}","templated":true}]}}