{"id":365919,"date":"2023-03-11T10:07:35","date_gmt":"2023-03-11T09:07:35","guid":{"rendered":"https:\/\/www.pcnen.com\/portal\/?p=365919"},"modified":"2023-03-11T10:18:05","modified_gmt":"2023-03-11T09:18:05","slug":"fizicki-napadnut-grcki-ekonomista-i-ljevicar-varufakis","status":"publish","type":"post","link":"https:\/\/www.pcnen.com\/portal\/2023\/03\/11\/fizicki-napadnut-grcki-ekonomista-i-ljevicar-varufakis\/","title":{"rendered":"Fizi\u010dki napadnut gr\u010dki ekonomista i ljevi\u010dar Varufakis"},"content":{"rendered":"<p>Prema prvim informacijama, grupa osoba je pri\u0161la Varufakisu koji je sjedeo u restoranu, po\u010dela da ga vrije\u0111a i u gura i na kraju fizi\u010dki da ga napada, prenosi portal Katimerini.<\/p>\n<p>Jedan napada\u010d udario je Varufakisa u lice i nanio mu povredu zbog koje je odveden u bolnicu gdje mu je dijagnostikovan prelom nosne kosti.<\/p>\n<p>Varufakis je svjetski poznat ekonomisja, osniva\u010da i lidera ljevi\u010darske stranke Evropski realisti\u010dni front za neposlu\u0161nost (MeRA25).<\/p>\n<p>Varufakisova stranka je saop\u0161tila da je na njega izvr\u0161en \u201ehrabri fa\u0161isti\u010dki napad\u201c.<\/p>\n<blockquote><p><span class=\"HwtZe\" lang=\"bs\"><span class=\"jCAhz ChMk0b\"><span class=\"ryNqvb\">&#8220;Oni nisu bili anarhisti, ljevi\u010dari, komunisti ili \u010dlanovi bilo kojeg pokreta.<\/span><\/span> <span class=\"jCAhz ChMk0b\"><span class=\"ryNqvb\">Bili su to (i izgledali) nasilnici koji su se nespretno pozivali na la\u017e da sam se prodao trojci.<\/span><\/span> <span class=\"jCAhz ChMk0b\"><span class=\"ryNqvb\">Ne\u0107emo im dozvoliti da nas podijele.<\/span><\/span> <span class=\"jCAhz ChMk0b\"><span class=\"ryNqvb\">Naprijed!&#8221;, napisao je Varufakis na svome tvoter nalogu<br \/>\n<\/span><\/span><\/span><\/p><\/blockquote>\n<p>https:\/\/twitter.com\/yanisvaroufakis\/status\/1634378294320611329<\/p>\n<p>&nbsp;<\/p>\n<p>&nbsp;<\/p>\n<blockquote><p>&nbsp;<\/p><\/blockquote>\n","protected":false},"excerpt":{"rendered":"<p>Biv\u0161eg ministara finansija Gr\u010dke Janisa Varufakisa napala je i pretukla grupa ljudi u poznatom atinskom kvartu Egzarhija, ispred restorana u kojem je sjedeo s prijateljima, prenio je Tanjug.<\/p>\n","protected":false},"author":1,"featured_media":283857,"comment_status":"open","ping_status":"closed","sticky":false,"template":"","format":"standard","meta":{"_seopress_robots_primary_cat":"","_seopress_titles_title":"","_seopress_titles_desc":"","_seopress_robots_index":"","_et_pb_use_builder":"","_et_pb_old_content":"","_et_gb_content_width":"","inline_featured_image":false,"footnotes":""},"categories":[14],"tags":[1261],"class_list":["post-365919","post","type-post","status-publish","format-standard","has-post-thumbnail","hentry","category-vijesti","tag-varufakis"],"_links":{"self":[{"href":"https:\/\/www.pcnen.com\/portal\/wp-json\/wp\/v2\/posts\/365919","targetHints":{"allow":["GET"]}}],"collection":[{"href":"https:\/\/www.pcnen.com\/portal\/wp-json\/wp\/v2\/posts"}],"about":[{"href":"https:\/\/www.pcnen.com\/portal\/wp-json\/wp\/v2\/types\/post"}],"author":[{"embeddable":true,"href":"https:\/\/www.pcnen.com\/portal\/wp-json\/wp\/v2\/users\/1"}],"replies":[{"embeddable":true,"href":"https:\/\/www.pcnen.com\/portal\/wp-json\/wp\/v2\/comments?post=365919"}],"version-history":[{"count":3,"href":"https:\/\/www.pcnen.com\/portal\/wp-json\/wp\/v2\/posts\/365919\/revisions"}],"predecessor-version":[{"id":365922,"href":"https:\/\/www.pcnen.com\/portal\/wp-json\/wp\/v2\/posts\/365919\/revisions\/365922"}],"wp:featuredmedia":[{"embeddable":true,"href":"https:\/\/www.pcnen.com\/portal\/wp-json\/wp\/v2\/media\/283857"}],"wp:attachment":[{"href":"https:\/\/www.pcnen.com\/portal\/wp-json\/wp\/v2\/media?parent=365919"}],"wp:term":[{"taxonomy":"category","embeddable":true,"href":"https:\/\/www.pcnen.com\/portal\/wp-json\/wp\/v2\/categories?post=365919"},{"taxonomy":"post_tag","embeddable":true,"href":"https:\/\/www.pcnen.com\/portal\/wp-json\/wp\/v2\/tags?post=365919"}],"curies":[{"name":"wp","href":"https:\/\/api.w.org\/{rel}","templated":true}]}}