{"id":365331,"date":"2023-03-01T11:10:21","date_gmt":"2023-03-01T10:10:21","guid":{"rendered":"https:\/\/www.pcnen.com\/portal\/?p=365331"},"modified":"2023-03-01T11:10:21","modified_gmt":"2023-03-01T10:10:21","slug":"mvp-u-nesreci-u-grckoj-nema-poginulih-ni-povrijedenih-drzavljana-cg","status":"publish","type":"post","link":"https:\/\/www.pcnen.com\/portal\/2023\/03\/01\/mvp-u-nesreci-u-grckoj-nema-poginulih-ni-povrijedenih-drzavljana-cg\/","title":{"rendered":"MVP: U nesre\u0107i u Gr\u010dkoj nema poginulih, ni povrije\u0111enih dr\u017eavljana CG"},"content":{"rendered":"<p>Najmanje 36 osoba je poginulo, a vi\u0161e od 85 je povrije\u0111eno kada se putni\u010dki voz sa vi\u0161e od 350 ljudi sudario sa teretnim vozom, ne\u0161to prije pono\u0107i, u Tempiju, u centralnoj Gr\u010dkoj, u blizini grada Larise, saop\u0161tila je gr\u010dka vatrogasna slu\u017eba.<\/p>\n<p>&nbsp;<\/p>\n<p>&nbsp;<\/p>\n<blockquote class=\"wp-embedded-content\" data-secret=\"y0LUFd4HMD\"><p><a href=\"https:\/\/www.pcnen.com\/portal\/2023\/03\/01\/grcka-vise-mrtvih-i-povrijedenih-u-zeljeznickoj-nesreci\/\">Gr\u010dka: Vi\u0161e mrtvih i povrije\u0111enih u \u017eeljezni\u010dkoj nesre\u0107i<\/a><\/p><\/blockquote>\n<p><iframe loading=\"lazy\" class=\"wp-embedded-content\" sandbox=\"allow-scripts\" security=\"restricted\" style=\"position: absolute; clip: rect(1px, 1px, 1px, 1px);\" title=\"&#8220;Gr\u010dka: Vi\u0161e mrtvih i povrije\u0111enih u \u017eeljezni\u010dkoj nesre\u0107i&#8221; &#8212; PCNEN\" src=\"https:\/\/www.pcnen.com\/portal\/2023\/03\/01\/grcka-vise-mrtvih-i-povrijedenih-u-zeljeznickoj-nesreci\/embed\/#?secret=2XbZSS75lI#?secret=y0LUFd4HMD\" data-secret=\"y0LUFd4HMD\" width=\"600\" height=\"338\" frameborder=\"0\" marginwidth=\"0\" marginheight=\"0\" scrolling=\"no\"><\/iframe><\/p>\n<p>&nbsp;<\/p>\n","protected":false},"excerpt":{"rendered":"<p>Prema informacijama kojima za sada raspola\u017ee Ministarstvo vanjskih poslova, u \u017eeljezni\u010dkoj nesre\u0107i u Republici Gr\u010dkoj, nema poginulih, niti povrije\u0111enih crnogorskih dr\u017eavljana, saop\u0161teno je iz tog vladinog resora.<\/p>\n","protected":false},"author":1,"featured_media":281850,"comment_status":"open","ping_status":"closed","sticky":false,"template":"","format":"standard","meta":{"_seopress_robots_primary_cat":"","_seopress_titles_title":"","_seopress_titles_desc":"","_seopress_robots_index":"","_et_pb_use_builder":"","_et_pb_old_content":"","_et_gb_content_width":"","inline_featured_image":false,"footnotes":""},"categories":[14],"tags":[],"class_list":["post-365331","post","type-post","status-publish","format-standard","has-post-thumbnail","hentry","category-vijesti"],"_links":{"self":[{"href":"https:\/\/www.pcnen.com\/portal\/wp-json\/wp\/v2\/posts\/365331","targetHints":{"allow":["GET"]}}],"collection":[{"href":"https:\/\/www.pcnen.com\/portal\/wp-json\/wp\/v2\/posts"}],"about":[{"href":"https:\/\/www.pcnen.com\/portal\/wp-json\/wp\/v2\/types\/post"}],"author":[{"embeddable":true,"href":"https:\/\/www.pcnen.com\/portal\/wp-json\/wp\/v2\/users\/1"}],"replies":[{"embeddable":true,"href":"https:\/\/www.pcnen.com\/portal\/wp-json\/wp\/v2\/comments?post=365331"}],"version-history":[{"count":1,"href":"https:\/\/www.pcnen.com\/portal\/wp-json\/wp\/v2\/posts\/365331\/revisions"}],"predecessor-version":[{"id":365332,"href":"https:\/\/www.pcnen.com\/portal\/wp-json\/wp\/v2\/posts\/365331\/revisions\/365332"}],"wp:featuredmedia":[{"embeddable":true,"href":"https:\/\/www.pcnen.com\/portal\/wp-json\/wp\/v2\/media\/281850"}],"wp:attachment":[{"href":"https:\/\/www.pcnen.com\/portal\/wp-json\/wp\/v2\/media?parent=365331"}],"wp:term":[{"taxonomy":"category","embeddable":true,"href":"https:\/\/www.pcnen.com\/portal\/wp-json\/wp\/v2\/categories?post=365331"},{"taxonomy":"post_tag","embeddable":true,"href":"https:\/\/www.pcnen.com\/portal\/wp-json\/wp\/v2\/tags?post=365331"}],"curies":[{"name":"wp","href":"https:\/\/api.w.org\/{rel}","templated":true}]}}