{"id":364574,"date":"2023-02-17T17:54:26","date_gmt":"2023-02-17T16:54:26","guid":{"rendered":"https:\/\/www.pcnen.com\/portal\/?p=364574"},"modified":"2023-02-17T17:56:04","modified_gmt":"2023-02-17T16:56:04","slug":"korak-naprijed-dva-koraka-nazad","status":"publish","type":"post","link":"https:\/\/www.pcnen.com\/portal\/2023\/02\/17\/korak-naprijed-dva-koraka-nazad\/","title":{"rendered":"Korak naprijed, dva koraka nazad"},"content":{"rendered":"<p>Koliko se sje\u0107am \u201eKorak naprijed, dva koraka nazad\u201c je Lenjinovo djelo. Ali, ni sveznaju\u0107i google mi nije mogao pomo\u0107i u tra\u017eenju potvrde da mi je sje\u0107anje dobro. Marskizam, odavno, ne da nije u modi, ve\u0107 je progla\u0161en totalitarizmom.<\/p>\n<p>To je manje bitno za ovaj tekst, bitno je da taj naslov najefektnije odra\u017eava toliko \u010dekanu promjenu vlasti u Crnoj Gori. Bio je to korak naprijed, kojim smo se vratili dva koraka nazad. Da se ne ponavljam, u puno pretthodnih tekstova sam objasnio da su gra\u0111ani umjesto o\u010dekivanih promjena dobili uglavnom sve isto, druga\u010dijeg ideolo\u0161ko-nacionalnog predznaka. Plus srednjovjekovni uticaj Crkve na kreiranje dr\u017eavne politike.<\/p>\n<p>Poslije jo\u0161 neefektiranog dogovora oko izbora sudija Ustavnog suda, koji \u0107e biti izabrani\u00a0 politi\u010dkim dogovorom a ne po njihovim stru\u010dno-pravnim referencama, predsjedni\u010dki izbori su saga koja je zaukupila pa\u017enju postdepesovske Crne Gore. Milojko Spaji\u0107 i njegova kandidatura puna kontroverzi, podmetanja i obmana \u2013 sa svih strana \u2013 i njegove li\u010dno, koliko do ju\u010de najozbiljnijeg kandidata za predsjednika Crne Gore, pretvorila se u farsu.<\/p>\n<p>Dvojno prebivali\u0161tve, dvojno dr\u017eavljanstvo, njegove nekretnine i sporna(?) kupovina i prodaja istih su sr\u017e predjedni\u010dke kampanje, a ne predsjedni\u010dke vizije kandidata. Spaji\u0107evo dvojno prebivali\u0161te i dr\u017eavljanstvo, otkrili su i prozvali ga zbog toga, najbli\u017ei saradnici drugog ozbiljnog predjsedni\u010dkog kandidata Mandi\u0107a, iako se on isti javno hvalio da ima dvojno dr\u017eavljanstvo, te da se svog drugog, srpskog dr\u017eavljanstva, nikada ne\u0107e odre\u0107i.<\/p>\n<p>U Crnoj Gori punoj apsurda postojanje dvojnog dr\u017eavljanstva, srpskog i crnogorskog, u jednom trenutku mo\u017ee biti dokaz patriotizma, u drugom dokaz da ste prevarant \u2013 zavisno od siutacije. Pravna norma koja je po tom pitanju jasna a koja ka\u017ee da je posjedovanje dvojnog dr\u017eavljanstva, dvojnog prebivil\u0161ta i dvojnog prava glasa protivzakonita, nikog ne interesuje. U Crnoj Gori se i kr\u0161enje zakona, zavisno od politi\u010dkih (ne)prilika mo\u017ee prikazati kao vid patriotizma. Zato ona poglavlja 23. i 24., koja vi\u0161e niko ne pominje, nijesmo u stanju da ispunimo. Ko vr\u0161i vlast on je zakon. Tako izgleda crnogorska vladavina prava. Da bi ona bila potpuna, zakoni su kod nas obavezno selektivni: za nekog va\u017ee, za nekog ne. Opet sve to zavisi od vlasti i partija. Zato su se sudije Ustavnog suda birale na na\u010din kako su birane.<\/p>\n<p>Zaokupljeni obrtima u predsjedni\u010dkoj kampanji \u2013 koja jo\u0161 nije zvani\u010dno po\u010dela, gra\u0111anima je nekako neopa\u017eeno promkla vijest o pove\u0107anju plata u javnoj upravi za punih 30%. Meni nije, jer mi je\u00a0 plata glavni izvor prihoda, a pove\u0107anje od 30% zna\u010dajno &#8211; ogromno &#8211; mogu re\u0107i. Prvobitno pove\u0107anje plate programom Evropa sad mi je bilo minimalno, sa 365.00 eura plata mi je pove\u0107ana na 460.00 eura. Iako marksizam, kao \u0161to rekoh, nije u modi, programom Evropa sad je uvedena komunisti\u010dka uravnilovka: moja plata sa SSS spremom i 38 godina sta\u017ea je postala identi\u010dna plati nekvalifikovanog radnika bez dana sta\u017ea, to jest 10.00 eura ve\u0107a. Doznajem \u2013 ako\u00a0 su mi saznanja ta\u010dna, da \u0107e mi sada plata iznositi 660.00 eura jer se mijenjaju i koeficijenti, \u0161to zna\u010di da \u0107e mi ona biti uve\u0107ana za vi\u0161e od 40 %! Ako je to istina \u2013 a sva je prilika da jeste, eto razloga da budem sre\u0107an, da se bar finasijski porpili\u010dno \u201erelaksiram\u201c \u2013 \u0161to bi rekao premijer.<\/p>\n<p>Znaju\u0107i da u dr\u017eavnoj upravi gdje radim nijesu smanjeni tro\u0161kovi po nijednom osnovu, niti je\u00a0 otpu\u0161ten vi\u0161ak (ne)radnika, naprotiv, primljeni su novi; da dr\u017eava nije prona\u0161la naftu niti napravila neki zamah u privredi i proizvodnji, umjesto relaksiranosti zapitao sam se kada \u0107e pu\u0107i ovaj balon koji se od promjene vlasti naduvava bez ikakve kontrole?<\/p>\n<p>Ekonomski sunovrat koji nas \u010deka odmah poslije parlamentarnih izbora bi\u0107e bolno otre\u017enjenje. Kako se oni odla\u017eu u nedogled, tada obznanjeni dug i budu\u0107i kreditni ara\u017eman sa MMF-om \u0107e nas iz izbornih igara vratiti u stvarnost koja \u0107e izgledati tako, da je zbog op\u0161te releksiranosti ne smijem ni poku\u0161ati opisati.<\/p>\n<p>U\u017eivajte u izbornim igrama i obmanama, znam da bojkot kao oblik gra\u0111anske kazne i upozorenja ovakvim predsjedni\u010dkim kandidatima, politi\u010dkim partijama i situaciji nije va\u0161 izbor. Pla\u0107a\u0107emo ga svi, na\u0161a djeca \u010dak, u beskona\u010dnim kreditnim ratama i bijedi.<\/p>\n<p>&nbsp;<\/p>\n","protected":false},"excerpt":{"rendered":"<p>Pi\u0161e :Omer \u0160ARKI\u0106<\/p>\n","protected":false},"author":12,"featured_media":286086,"comment_status":"open","ping_status":"closed","sticky":false,"template":"","format":"standard","meta":{"_seopress_robots_primary_cat":"","_seopress_titles_title":"","_seopress_titles_desc":"","_seopress_robots_index":"","_et_pb_use_builder":"","_et_pb_old_content":"","_et_gb_content_width":"","inline_featured_image":false,"footnotes":""},"categories":[17],"tags":[],"class_list":["post-364574","post","type-post","status-publish","format-standard","has-post-thumbnail","hentry","category-blogovi"],"_links":{"self":[{"href":"https:\/\/www.pcnen.com\/portal\/wp-json\/wp\/v2\/posts\/364574","targetHints":{"allow":["GET"]}}],"collection":[{"href":"https:\/\/www.pcnen.com\/portal\/wp-json\/wp\/v2\/posts"}],"about":[{"href":"https:\/\/www.pcnen.com\/portal\/wp-json\/wp\/v2\/types\/post"}],"author":[{"embeddable":true,"href":"https:\/\/www.pcnen.com\/portal\/wp-json\/wp\/v2\/users\/12"}],"replies":[{"embeddable":true,"href":"https:\/\/www.pcnen.com\/portal\/wp-json\/wp\/v2\/comments?post=364574"}],"version-history":[{"count":4,"href":"https:\/\/www.pcnen.com\/portal\/wp-json\/wp\/v2\/posts\/364574\/revisions"}],"predecessor-version":[{"id":364579,"href":"https:\/\/www.pcnen.com\/portal\/wp-json\/wp\/v2\/posts\/364574\/revisions\/364579"}],"wp:featuredmedia":[{"embeddable":true,"href":"https:\/\/www.pcnen.com\/portal\/wp-json\/wp\/v2\/media\/286086"}],"wp:attachment":[{"href":"https:\/\/www.pcnen.com\/portal\/wp-json\/wp\/v2\/media?parent=364574"}],"wp:term":[{"taxonomy":"category","embeddable":true,"href":"https:\/\/www.pcnen.com\/portal\/wp-json\/wp\/v2\/categories?post=364574"},{"taxonomy":"post_tag","embeddable":true,"href":"https:\/\/www.pcnen.com\/portal\/wp-json\/wp\/v2\/tags?post=364574"}],"curies":[{"name":"wp","href":"https:\/\/api.w.org\/{rel}","templated":true}]}}