{"id":364161,"date":"2023-02-11T10:36:19","date_gmt":"2023-02-11T09:36:19","guid":{"rendered":"https:\/\/www.pcnen.com\/portal\/?p=364161"},"modified":"2023-02-11T10:39:25","modified_gmt":"2023-02-11T09:39:25","slug":"devastacija-gorice-se-nastavlja","status":"publish","type":"post","link":"https:\/\/www.pcnen.com\/portal\/2023\/02\/11\/devastacija-gorice-se-nastavlja\/","title":{"rendered":"Devastacija Gorice se nastavlja"},"content":{"rendered":"<blockquote><p><strong>Javlja: Brano Perovi\u0107<\/strong><\/p><\/blockquote>\n<p>Pohlepni investitori, uz blagoslov Op\u0161tine Podgorica i nesnala\u017eenje ili \u017emurenje nadle\u017enih organa Vlade Crne Gore, nastavljaju sa gradnjom navi\u0161e uz Park \u0161umu Gorica. Sada je, ponovo, na udaru isto\u010dna strana Brda (izvi\u0161e Maslina), koja je pethodnih godina brutalno devastirana svakovrsnim stambenim ili poslovnim zgradama. Mo\u0107ne gra\u0111evinske ma\u0161ine nesmetano kopaju temelje direktno iznad postoje\u0107ih izgra\u0111enih objekata?!<\/p>\n<p>Pitam se &#8211; ima li uop\u0161te kraja pomenutim i sli\u010dnim gra\u0111evinskim nasrtajima (po\u010detak gradnje stambenog objekta udaljenog od Spomenika partizanu borcu oko 150m) na Goricu?<\/p>\n<p>Da li ona prakti\u010dno nestaje na na\u0161e o\u010di?<\/p>\n<p>Jesu li zaklinjanja i najave nadle\u017enih o za\u0161titi iste samo kupovanje vremena ili partijski i predizborni marketing?<\/p>\n<p>Kona\u010dno, moraju li gra\u0111ani i gra\u0111anke Podgorice i sve brojniji posjetioci stranci da stano strepe i do\u017eivljavaju stresove od nezakonite gradnje objekata po Gorici?<\/p>\n<p>Za\u0161to ne preduzimaju blagovremene mjere za\u0161tite Park \u0161ume Gorica rend\u017eeri, inspekcije, komunalna policija, tu\u017eioci i pripadnici Uprave policije CG!?<\/p>\n<p>Tako se, primjera radi, rend\u017eeri i komunalni policajci te\u0161ko mogu uo\u010diti na Gorici, kao da im sjedi\u0161te u&#8230; Virpazaru. Ustvari, ima ih na njoj samo nakon pusto\u0161e\u0107ih po\u017eara i tokom ceremonija polaganja vijenaca na Spomenik partizanu borcu. Uo\u010diti se mo\u017ee (u tim prilikama) da su pripadnici\/ce tih slu\u017ebi mla\u0111e \u017eivotne dobi, da su propisno obu\u010deni i opremljeni sredstvima komunikacije&#8230; da voze solidne automobile&#8230;<\/p>\n<p><img loading=\"lazy\" decoding=\"async\" class=\"aligncenter size-full wp-image-364163\" src=\"https:\/\/www.pcnen.com\/portal\/wp-content\/uploads\/2023\/02\/Gorica-devastacija.jpg\" alt=\"\" width=\"600\" height=\"450\" srcset=\"https:\/\/www.pcnen.com\/portal\/wp-content\/uploads\/2023\/02\/Gorica-devastacija.jpg 600w, https:\/\/www.pcnen.com\/portal\/wp-content\/uploads\/2023\/02\/Gorica-devastacija-300x225.jpg 300w, https:\/\/www.pcnen.com\/portal\/wp-content\/uploads\/2023\/02\/Gorica-devastacija-580x435.jpg 580w\" sizes=\"(max-width: 600px) 100vw, 600px\" \/><\/p>\n<blockquote><p><strong>Apelujem ovom prilikom na sve vas rend\u017eeri&#8230; policajke&#8230; komunalci&#8230; da izvr\u0161avate va\u0161e zakonske obaveze kako treba&#8230; da se ne pla\u0161ite nikoga&#8230; da kudikamo bolje \u010duvate i sa\u010duvate Goricu od uni\u0161tenja!<\/strong><\/p><\/blockquote>\n<p>Gra\u0111anstvo Podgorice, ekolozi i ljubitelji Gorice, \u0107e vam zasigurno svesrdno pomo\u0107i u borbi za spa\u0161avanje iste od nestajanja. Na taj na\u010din \u0107ete omogu\u0107iti, pored ostalog, djeci da tr\u010de i u\u010de prve lekcije o prirodi na Gorici, a sve brojnijim posjetiocima \u010dasove \u0161etnje i spokoja bez straha i buke gra\u0111evinskih ma\u0161ina&#8230;<\/p>\n<blockquote><p><em>Foto: Brano Perovi\u0107<\/em><\/p><\/blockquote>\n","protected":false},"excerpt":{"rendered":"<p>Apelujem ovom prilikom na sve vas rend\u017eeri&#8230; policajke&#8230; komunalci&#8230; da izvr\u0161avate va\u0161e zakonske obaveze kako treba&#8230; da se ne pla\u0161ite nikoga<\/p>\n","protected":false},"author":1,"featured_media":364162,"comment_status":"open","ping_status":"closed","sticky":false,"template":"","format":"standard","meta":{"_seopress_robots_primary_cat":"","_seopress_titles_title":"","_seopress_titles_desc":"","_seopress_robots_index":"","_et_pb_use_builder":"","_et_pb_old_content":"","_et_gb_content_width":"","inline_featured_image":false,"footnotes":""},"categories":[10,12],"tags":[1970],"class_list":["post-364161","post","type-post","status-publish","format-standard","has-post-thumbnail","hentry","category-cuj-vidji-javi","category-prica-dana","tag-gorica"],"_links":{"self":[{"href":"https:\/\/www.pcnen.com\/portal\/wp-json\/wp\/v2\/posts\/364161","targetHints":{"allow":["GET"]}}],"collection":[{"href":"https:\/\/www.pcnen.com\/portal\/wp-json\/wp\/v2\/posts"}],"about":[{"href":"https:\/\/www.pcnen.com\/portal\/wp-json\/wp\/v2\/types\/post"}],"author":[{"embeddable":true,"href":"https:\/\/www.pcnen.com\/portal\/wp-json\/wp\/v2\/users\/1"}],"replies":[{"embeddable":true,"href":"https:\/\/www.pcnen.com\/portal\/wp-json\/wp\/v2\/comments?post=364161"}],"version-history":[{"count":3,"href":"https:\/\/www.pcnen.com\/portal\/wp-json\/wp\/v2\/posts\/364161\/revisions"}],"predecessor-version":[{"id":364166,"href":"https:\/\/www.pcnen.com\/portal\/wp-json\/wp\/v2\/posts\/364161\/revisions\/364166"}],"wp:featuredmedia":[{"embeddable":true,"href":"https:\/\/www.pcnen.com\/portal\/wp-json\/wp\/v2\/media\/364162"}],"wp:attachment":[{"href":"https:\/\/www.pcnen.com\/portal\/wp-json\/wp\/v2\/media?parent=364161"}],"wp:term":[{"taxonomy":"category","embeddable":true,"href":"https:\/\/www.pcnen.com\/portal\/wp-json\/wp\/v2\/categories?post=364161"},{"taxonomy":"post_tag","embeddable":true,"href":"https:\/\/www.pcnen.com\/portal\/wp-json\/wp\/v2\/tags?post=364161"}],"curies":[{"name":"wp","href":"https:\/\/api.w.org\/{rel}","templated":true}]}}