{"id":363988,"date":"2023-02-08T16:39:48","date_gmt":"2023-02-08T15:39:48","guid":{"rendered":"https:\/\/www.pcnen.com\/portal\/?p=363988"},"modified":"2023-02-08T16:39:48","modified_gmt":"2023-02-08T15:39:48","slug":"farma-2","status":"publish","type":"post","link":"https:\/\/www.pcnen.com\/portal\/2023\/02\/08\/farma-2\/","title":{"rendered":"Farma"},"content":{"rendered":"<p>&#8216;Farma&#8217; je rijaliti \u0161ou kojeg narod obo\u017eava. Regionalno je poznat i jedan je od najgledanijih \u0161ou programa. Finansira se, uglavnom, putem SMS poruka, glasanjem za svog favorita. Po tome je &#8216;Farma&#8217; mnogo po\u0161tenija od, na primjer, skup\u0161tinskih zasijedanja u regionu. &#8216;Farmu&#8217; pla\u0107aju samo oni koji u\u017eivaju u njoj, dok skup\u0161tinske poslanike pla\u0107aju svi gra\u0111ani, iako se dobar dio njih gadi, kako izlaganja tako rasprava i tu\u010da u skup\u0161tinama koje sve vi\u0161e li\u010de na &#8216;Farmu&#8217;.<\/p>\n<p>Da i crnogorska Skup\u0161tina poslednjih godina sve vi\u0161e li\u010di na nju potrudili su se mnogi poslanici, ali najve\u0107i doprinos tome su nesumnjivo dali Milan Kne\u017eevi\u0107 i Branko Radulovi\u0107 \u2013 svaki na svoj na\u010din. Prvi, stalnim, \u00a0uglavnom \u0111ilko\u0161ko \u2013 poetskim dosjetkama i humorom, drugi izigravanjem klovna sa doktorskom titulom.<\/p>\n<p>U regionalnim skup\u0161tinama, kao i na &#8216;Farmi&#8217;, \u00a0ve\u0107inom je u pitanju gluma u\u010desnika. Glumi se sve, pa i tu\u010de. Sjetite se izre\u017eirane i unaprijed pripremljene \u201etu\u010de\u201c u na\u0161oj Skup\u0161tini kada je usvojen sporni Zakon o slobodi vjeroispovjesti, i uporedite ga sa nedavnom \u201etu\u010dom\u201c poslanika u srbijanskom parlamentu zbog Vu\u010di\u0107evog neformalnog priznanja Kosova. Li\u010de kao jaje jajetu, samo nije bilo Milana da teatralno \u010dupa mikrofon i lomi lap-top. Sjetiti se i \u201e\u0161trajka gla\u0111u\u201c Andrije Mandi\u0107a zbog crnogorskog priznanja Kosova, uporedite ga sa njegovom potpunom ravnodu\u0161no\u0161\u0107u kada je to uradio mentor mu Vu\u010di\u0107.<\/p>\n<p>Znaju\u0107i kako funkcioni\u0161e na\u0161a skup\u0161tinska &#8216;farma&#8217; i njeni u\u010desnici koje zovemo poslanicima, koji su im motivi u stalnoj borbi \u201eda \u017eivimo bolje\u201c, te u odbrani nacionalnih interesa, dvadesetak dana prije ovog neformalnog priznanja Kosova napisao sam na dru\u0161tvenoj mre\u017ei fejsbuk da \u0107u, kada Vu\u010di\u0107 to uradi, izgleda jedino ja \u0161trajkovati gla\u0111u ispred crnogorske Skup\u0161tine, a D\u017eemal Perovi\u0107 \u0107e mi kriju\u0107i donositi bureke! Farmati\u010dno, zar ne?<\/p>\n<p>Predjedni\u010dki izbori nam ve\u0107 li\u010de na polufinale &#8216;Farme. Finale \u0107e biti parlamentarni izbori.<\/p>\n<p>Milojko Spaji\u0107, lider u meteorskom usponu pokreta &#8216;Evropa sad&#8217;, ekspresno je najavio svoju kandidaturu, siguran u pobjedu. Sa visine budu\u0107eg sigurnog pobjednika je odbacio bilo kakvo tra\u017eenje podr\u0161ke kroz saradnju sa partijama aktuelne vlasti. U, \u010dinilo se, nezaustavljivom rastu podr\u0161ke gra\u0111ana &#8216;Evropi sad&#8217; i njemu li\u010dno, ve\u0107 su vidjeli svog kandidata na mjestu predsjednika dr\u017eave, a pokret kao glavnu snagu u formiranj vlade poslije parlamentarnih izbora.<\/p>\n<p>Ne samo zbog nepovjeranja u izvodljivost i ekonomsko pokri\u0107e programa &#8216;Evropa sad&#8217;, ve\u0107 i zbog rezerve prema ve\u0107ini ljudi iz vrha pokreta, te njihovog stalnog isticanje gra\u0111anske profilacije (istinske gra\u0111anske stranke i pokreti nemaju potrebu da nagla\u0161avaju svoju gra\u0111ansku opredijeljenost, ona se vidi iz konkretnog djelovanja), pla\u0161io sam se mogu\u0107nosti da iz jednog jednopartijskog sistema (DPS) pre\u0111emo u drugi (ES). Me\u0111utim, odmah za Spaji\u0107em kandidaturu je obznanio lider DF-a Andrija Mandi\u0107, \u0161to je izgledalo kao samoubila\u010dki potez. Spaji\u0107 ga lagano pobje\u0111uju, ES na krilima te pobjede jo\u0161 vi\u0161e raste, a DF postaje marginalan savez \u2013 logicirao je dobar dio javnosti.<\/p>\n<p>Znaju\u0107i da je Andrija Mandi\u0107 iskusan i mudar politi\u010dar \u2013 voljeli ga ili ne &#8211; nije mi bilo jasno njegovo samouni\u0161tenje, tj. pitao sam se \u0161to se krije iza te kandidature osu\u0111ene na politi\u010dki poraz i marginalizaciju. Kao i mnogi, nijesam se osvrtao na svakodnevna trabunjanja jo\u0161 jednog decenijski istaknutog &#8216;farmera&#8217; Neboj\u0161e Medojevi\u0107a, \u201enajve\u0107eg borca\u201c protiv duboke dr\u017eave, masona, iluminata, trilaterale, Soro\u0161a, ljudi gu\u0161tera&#8230;, koji je svakodnevno optu\u017eivao Spaji\u0107a za sve i sva\u0161ta.<br \/>\nKada je neke od ize\u010denih optu\u017ebi \u201eMedo je uvijek u pravu\u201c potkrijepio dokumentima, Spaji\u0107 nije imao kud i po\u010deo je da se \u201evadi\u201c. A \u201evadio\u201c se kao u onoj pri\u010di, kada je majka sina kockara koji je izgubio sve pare korila rije\u010dima: \u201eSine, nije meni \u017ea&#8217; \u0161to si kocka, no \u0161to si i\u0161a&#8217; da se vadi\u0161\u201c.<\/p>\n<p>Spaji\u0107 je dobar dio gra\u0111ana svojim nespretnim, kontradiktornim i neubjedljivim demantijim uvjerio da je Medojevi\u0107, ako ne za sve, onda za dio svojih optu\u017ebi u pravu, to jest da one imaju osnova. Naglo je poljuljano povjerenje u njega i cijeli pokret, a dobar dio naroda je shvatio \u201eda su svi isti\u201c \u2013 \u0161to je i bio cilj DF-ove kampanje vo\u0111ene preko d\u017eokera im za takve stvari, Medojevi\u0107a. Tako je polufinale &#8216;Farme&#8217;, \u010diji je marketin\u0161ki naziv predsjedni\u010dki izbori, ve\u0107 na po\u010detku postao veoma uzbudljiv. Vjerujem da zasluge za ovakav obrt situacije ima Mandi\u0107ev mentor Vu\u010di\u0107, \u010dije slu\u017ebe su mu dostavile kompromituju\u0107e materijale za Spaji\u0107a. Vjerovatno se sa tim kecom u rukavu Mandi\u0107 i kandidovao, \u0161to je u po\u010detku izgledalo kao suicid. U nastavku nas tek \u010dekaju uzbu\u0111enja, a uskoro \u0107emo vidjeti koji \u0107e nam \u0161ou prirediti ovaj drugi, sada opozicioni blok, te da li Mandi\u0107 ima jo\u0161 neki adut kojeg \u0107e upotrijebiti protiv Spaji\u0107a u fini\u0161u kampanje, \u0161to bi za rezultat imao potpuni obrt situacije od predvi\u0111ene: pobjedu Mandi\u0107a nad Spai\u0107em u prvom krugu i rast DF-a, odnosno marginalizaciju Spaji\u0107a i pokreta &#8216;Evropa sad&#8217;.<\/p>\n<p>U sveop\u0161tem propadanju, &#8216;Farme&#8217; su uvijek tu &#8211; da nam ne bude dosadno. Dok njihova popularnost raste, one prave farme, na selu, obrnuto proparcionalno propadaju \u2013 kao i kompletno nam dru\u0161tvo.<\/p>\n","protected":false},"excerpt":{"rendered":"<p>Pi\u0161e: Omer \u0160ARKI\u0106<\/p>\n","protected":false},"author":12,"featured_media":286086,"comment_status":"open","ping_status":"closed","sticky":false,"template":"","format":"standard","meta":{"_seopress_robots_primary_cat":"","_seopress_titles_title":"","_seopress_titles_desc":"","_seopress_robots_index":"","_et_pb_use_builder":"","_et_pb_old_content":"","_et_gb_content_width":"","inline_featured_image":false,"footnotes":""},"categories":[17],"tags":[],"class_list":["post-363988","post","type-post","status-publish","format-standard","has-post-thumbnail","hentry","category-blogovi"],"_links":{"self":[{"href":"https:\/\/www.pcnen.com\/portal\/wp-json\/wp\/v2\/posts\/363988","targetHints":{"allow":["GET"]}}],"collection":[{"href":"https:\/\/www.pcnen.com\/portal\/wp-json\/wp\/v2\/posts"}],"about":[{"href":"https:\/\/www.pcnen.com\/portal\/wp-json\/wp\/v2\/types\/post"}],"author":[{"embeddable":true,"href":"https:\/\/www.pcnen.com\/portal\/wp-json\/wp\/v2\/users\/12"}],"replies":[{"embeddable":true,"href":"https:\/\/www.pcnen.com\/portal\/wp-json\/wp\/v2\/comments?post=363988"}],"version-history":[{"count":2,"href":"https:\/\/www.pcnen.com\/portal\/wp-json\/wp\/v2\/posts\/363988\/revisions"}],"predecessor-version":[{"id":363990,"href":"https:\/\/www.pcnen.com\/portal\/wp-json\/wp\/v2\/posts\/363988\/revisions\/363990"}],"wp:featuredmedia":[{"embeddable":true,"href":"https:\/\/www.pcnen.com\/portal\/wp-json\/wp\/v2\/media\/286086"}],"wp:attachment":[{"href":"https:\/\/www.pcnen.com\/portal\/wp-json\/wp\/v2\/media?parent=363988"}],"wp:term":[{"taxonomy":"category","embeddable":true,"href":"https:\/\/www.pcnen.com\/portal\/wp-json\/wp\/v2\/categories?post=363988"},{"taxonomy":"post_tag","embeddable":true,"href":"https:\/\/www.pcnen.com\/portal\/wp-json\/wp\/v2\/tags?post=363988"}],"curies":[{"name":"wp","href":"https:\/\/api.w.org\/{rel}","templated":true}]}}