{"id":363797,"date":"2023-02-05T19:55:34","date_gmt":"2023-02-05T18:55:34","guid":{"rendered":"https:\/\/www.pcnen.com\/portal\/?p=363797"},"modified":"2023-02-05T19:57:36","modified_gmt":"2023-02-05T18:57:36","slug":"vjetrovito-i-hladno-3","status":"publish","type":"post","link":"https:\/\/www.pcnen.com\/portal\/2023\/02\/05\/vjetrovito-i-hladno-3\/","title":{"rendered":"Vjetrovito i hladno"},"content":{"rendered":"<p>Na jugu \u0107e biti malo do umjereno obla\u010dno sa du\u017eim sun\u010danim intervalima. Na sjeveru, umjereno do potpuno obla\u010dno, ponegdje uz provijavanje slabog snijega i me\u0107avu.<\/p>\n<p>Vjetar \u0107e biti poja\u010dan i jak, ponegdje na udare i veoma jak, sjeverni.<\/p>\n<p>Jutarnja temperatura vazduha kreta\u0107e se od -15 do 2, najvi\u0161a dnevna od -10 do 7 stepeni.<\/p>\n<p>U Podgorici \u0107e biti malo do umjereno obla\u010dno uz du\u017ee sun\u010dane intervale.<\/p>\n<p>Vjetar poja\u010dan i jak, na udare povremeno i veoma jak, bi\u0107e sjeverni i sjeveroisto\u010dni.<\/p>\n<p>Jutarnja temperatura vazduha bi\u0107e oko -1 , najvi\u0161a dnevna oko 4 stepena.<\/p>\n<p>&nbsp;<\/p>\n<p><a href=\"http:\/\/www.meteo.co.me\/page.php?id=31\" target=\"_blank\" rel=\"noopener\">Ra\u010dunarska prognoza.<\/a><\/p>\n<p>&nbsp;<\/p>\n<p><a href=\"https:\/\/teamextreme.pro\/?team=milivuk&amp;cmp=pcnen\"><img loading=\"lazy\" decoding=\"async\" class=\"aligncenter size-full wp-image-361707\" src=\"https:\/\/www.pcnen.com\/portal\/wp-content\/uploads\/2023\/01\/AI-marketing.jpg\" alt=\"\" width=\"300\" height=\"250\" \/><\/a><\/p>\n<p>&nbsp;<\/p>\n<p>&nbsp;<\/p>\n","protected":false},"excerpt":{"rendered":"<p>U Crnoj Gori \u0107e u ponedjeljak biti vjetrovito i hladno. (Foto: Aloonline.ba)<\/p>\n","protected":false},"author":1,"featured_media":0,"comment_status":"open","ping_status":"closed","sticky":false,"template":"","format":"standard","meta":{"_seopress_robots_primary_cat":"","_seopress_titles_title":"","_seopress_titles_desc":"","_seopress_robots_index":"","_et_pb_use_builder":"","_et_pb_old_content":"","_et_gb_content_width":"","inline_featured_image":false,"footnotes":""},"categories":[14],"tags":[],"class_list":["post-363797","post","type-post","status-publish","format-standard","hentry","category-vijesti"],"_links":{"self":[{"href":"https:\/\/www.pcnen.com\/portal\/wp-json\/wp\/v2\/posts\/363797","targetHints":{"allow":["GET"]}}],"collection":[{"href":"https:\/\/www.pcnen.com\/portal\/wp-json\/wp\/v2\/posts"}],"about":[{"href":"https:\/\/www.pcnen.com\/portal\/wp-json\/wp\/v2\/types\/post"}],"author":[{"embeddable":true,"href":"https:\/\/www.pcnen.com\/portal\/wp-json\/wp\/v2\/users\/1"}],"replies":[{"embeddable":true,"href":"https:\/\/www.pcnen.com\/portal\/wp-json\/wp\/v2\/comments?post=363797"}],"version-history":[{"count":2,"href":"https:\/\/www.pcnen.com\/portal\/wp-json\/wp\/v2\/posts\/363797\/revisions"}],"predecessor-version":[{"id":363800,"href":"https:\/\/www.pcnen.com\/portal\/wp-json\/wp\/v2\/posts\/363797\/revisions\/363800"}],"wp:attachment":[{"href":"https:\/\/www.pcnen.com\/portal\/wp-json\/wp\/v2\/media?parent=363797"}],"wp:term":[{"taxonomy":"category","embeddable":true,"href":"https:\/\/www.pcnen.com\/portal\/wp-json\/wp\/v2\/categories?post=363797"},{"taxonomy":"post_tag","embeddable":true,"href":"https:\/\/www.pcnen.com\/portal\/wp-json\/wp\/v2\/tags?post=363797"}],"curies":[{"name":"wp","href":"https:\/\/api.w.org\/{rel}","templated":true}]}}