{"id":363477,"date":"2023-01-31T15:22:40","date_gmt":"2023-01-31T14:22:40","guid":{"rendered":"https:\/\/www.pcnen.com\/portal\/?p=363477"},"modified":"2023-01-31T15:22:40","modified_gmt":"2023-01-31T14:22:40","slug":"predsjednicki-kandidati-2","status":"publish","type":"post","link":"https:\/\/www.pcnen.com\/portal\/2023\/01\/31\/predsjednicki-kandidati-2\/","title":{"rendered":"Predsjedni\u010dki kandidati"},"content":{"rendered":"<p>Uprkos tome \u0161to nemamo izabrane sudije Ustavnog suda, bez kojeg su bilo kakvi izbori besmisleni, uprkos dosad nezabilje\u017eenim pritiscima i upozorenjima me\u0111unarodne zajednice, te prijetnji sankcijama ako to hitno na uradimo, politi\u010dke partije su se usredsredile na predsjedni\u010dke izbore. Predsjedni\u010dki izbori, to jest rejting kandidata na njima, bi\u0107e lakmus papir za izvjesne i skore parlamentarne izbore, \u0161to je partijama najva\u017enije.<\/p>\n<p>U vremenu vlasti DPS-a i koalicionih partnera mu, zarobljene su i uru\u0161ene sve institucije. Njihovi nasljednici &#8211; u svemu &#8211; dodatno su ih uru\u0161ili i obesmislili. Za neizbor sudija Ustavnog suda nije kriva opozicija, kako tvrdi aktuelna vlast, niti vlast &#8211; kako tvrdi opozicija. Sudije Ustavnog suda se biraju dvotre\u0107inskom, odnosno tropetinskom ve\u0107inom, tako da jedino kompromis vlasti i opozicije dovodi do izbora sudija Ustavnog suda. Tog kompromisa nema, niti \u0107e ga biti bez odlu\u010duju\u0107eg pritiska i ucjena od strane me\u0111unarodne zajednice. Dobro ste pro\u010ditali \u2013 i ucjena, jer su ve\u0107ina vode\u0107ih politi\u010dara i jedne i druge strane ucjenjeni onim \u0161to su \u010dinjeli &#8211; javno i tajno preuzetim obavezama i datim obe\u0107anjima. I vlast i\u00a0 opozicija \u017eele kontrolu pravosu\u0111a &#8211; i Ustavnog suda &#8211; a ne nezavisno pravosu\u0111e, zato je taj problem ovako i ovoliko dugo nerje\u0161iv.<\/p>\n<p>Javnost je zasuta imenima kandidata za predjednika dr\u017eave, neke kandidature su ve\u0107 objelodanjene \u2013 \u0161to kod nas ni\u0161ta ne zna\u010di. Jer, ne bi bilo iznena\u0111enje \u2013 bar za mene &#8211; da se neke od javno istaknutih kandidatura povuku sa obrazlo\u017eenjem da je to u svrhu \u201evi\u0161eg cilja\u201c, a taj \u201evi\u0161i cilj\u201c je samo jedan-jedini, \u0161to bolja pozicija uo\u010di parlamentarnih izbora. Sigurnu kandidaturu su najavili lider \u201eNove\u201c Mandi\u0107 i lider pokreta \u201eEvropa sad\u201c Spaji\u0107, te biv\u0161i direktor ANB Dejan Vuk\u0161i\u0107 i lider Ujedinjene Crne Gore Goran Danilovi\u0107&#8230;<\/p>\n<p>Kandidaturu su, dakle, objavili uglavnom kandidati razjedinjenog prosrpskog bloka u Crnoj Gori, dok me\u0111u procrnogorskim blokom, zahvaljuju\u0107i ni\u0161ta manjoj razjedinjenosti, samo se naga\u0111a o mogu\u0107em kandidatu.<\/p>\n<p>Pokret Evropa sad je u neuzastavljivom zamahu \u2013 kao \u0161to \u0107e dr\u017eava uskoro biti u nezaustavljim ekonomskom kolapsu. Ako kandidatura Spaij\u0107a bude prihva\u0107ena (mo\u017ee biti sporan njegov rezidencijalni uslov za zakonsko utemeljenje kandidature), onda bi njegov eventualno bolji rezultat od Mandi\u0107a bio te\u017eak poraz Demokratskog fronta. To bi dalo novu, zabrinjavaju\u0107u veliku snagu pokretu Evropi sad uo\u010di parlamentarnih izbora.<\/p>\n<p>Stanje u procrnogorskom bloku je, mo\u017ee se re\u0107i alarmantno. \u0110ukanovi\u0107 je i dalje idol dobrog dijela tog glasa\u010dkog tijela, ali su mu \u0161anse u drugom krugu veoma male. Izgubi li izbore, to ne\u0107e biti politi\u010dki kraj samo za njega, nego i za DPS i koalicione mu partnere \u2013 ne ra\u010dunaju\u0107i manjinske partije.<\/p>\n<p>Najvjerovatnije je da \u0110ukanovi\u0107 jo\u0161 vaga da li da se kandiduje i stavi na kocku sve, pa i dr\u017eavu u koju se toliku puta kleo i za koju je svih proteklih decenija \u201eginuo\u201c. DPS je interesna grupa kao \u0161to su i sve ostale partije na politi\u010dkoj sceni Crne Gore, nezavisno da li su vlast ili opozicja. Kandidat koji bi mogao ravnopravno parirati sve vi\u0161e rastu\u0107em crkveno-srpskom uticaju u Crnoj Gori i njegovim kandidatima morao bi biti neiskompromitovana li\u010dnost koja nije bila u poslovno-koruptivnim poslovima sa vrhom DPS-a, koju bi DPS podr\u017eao na nenapadan i \u201enepatriotski\u201c na\u010din, li\u010dnost koja bi istovremeno mogla dobiti onih presudnih desetak posto glasova gra\u0111ana koji nijesu ni u nijednom od dva preovla\u0111aju\u0107a bloka; onih koji se jednako gnu\u0161aju na\u010dinu vladanja i plja\u010dke koju je sprovodio DPS, koliko srpskog nacionalizma i totalne klerikalizaciji dr\u017eave koju njeguje nova vlast. Osim \u0161to DPS-u kao interesna grupacija o takvom kandidatu vjerovatno ni ne razmi\u0161lja &#8211; iako bi mu takav kandidat mogu\u0107e bio politi\u010dki spas &#8211; problem je \u0161to je tako nekog te\u0161ko na\u0107i; skoro da ga nema.<\/p>\n<p>U svakom slu\u010daju, predsjedni\u010dki izbori a zatim parlamentarni bi\u0107e jo\u0161 jedna dobra zabava za narod, koji \u0107e se prakti\u010dno cijele godine zabavljati la\u017enim obe\u0107anima i nadama, podgrijanim mr\u017enjom prema drugom i drugima. Na kraju godine, kada se sve to zavr\u0161i, dobi\u0107emo novu vladu, novi rebalans bud\u017eeta i aran\u017eaman sa MMF-om. Kada taj aran\u017eman stupi na snagu, uz sveop\u0161e stezanja kai\u0161a, nasta\u0107e novo razo\u010darenje. Nacionalizam i podjele \u0107e \u201ena sre\u0107u\u201c uvijek biti tu da nam zakrpe rupe u bud\u017eetu &#8211; kako onom dr\u017eavnom tako li\u010dnom, dok \u0107e omladina nastaviti da gleda samo u jedno parvcu \u2013 kako da se domogne Zapada i pobjegne odavde.<\/p>\n<h2><\/h2>\n","protected":false},"excerpt":{"rendered":"<p>Pi\u0161e: Omer \u0160ARKI\u0106<\/p>\n","protected":false},"author":12,"featured_media":286086,"comment_status":"open","ping_status":"closed","sticky":false,"template":"","format":"standard","meta":{"_seopress_robots_primary_cat":"","_seopress_titles_title":"","_seopress_titles_desc":"","_seopress_robots_index":"","_et_pb_use_builder":"","_et_pb_old_content":"","_et_gb_content_width":"","inline_featured_image":false,"footnotes":""},"categories":[17],"tags":[1169,2864],"class_list":["post-363477","post","type-post","status-publish","format-standard","has-post-thumbnail","hentry","category-blogovi","tag-omer-sarkic","tag-predsjednicki-izbori"],"_links":{"self":[{"href":"https:\/\/www.pcnen.com\/portal\/wp-json\/wp\/v2\/posts\/363477","targetHints":{"allow":["GET"]}}],"collection":[{"href":"https:\/\/www.pcnen.com\/portal\/wp-json\/wp\/v2\/posts"}],"about":[{"href":"https:\/\/www.pcnen.com\/portal\/wp-json\/wp\/v2\/types\/post"}],"author":[{"embeddable":true,"href":"https:\/\/www.pcnen.com\/portal\/wp-json\/wp\/v2\/users\/12"}],"replies":[{"embeddable":true,"href":"https:\/\/www.pcnen.com\/portal\/wp-json\/wp\/v2\/comments?post=363477"}],"version-history":[{"count":3,"href":"https:\/\/www.pcnen.com\/portal\/wp-json\/wp\/v2\/posts\/363477\/revisions"}],"predecessor-version":[{"id":363482,"href":"https:\/\/www.pcnen.com\/portal\/wp-json\/wp\/v2\/posts\/363477\/revisions\/363482"}],"wp:featuredmedia":[{"embeddable":true,"href":"https:\/\/www.pcnen.com\/portal\/wp-json\/wp\/v2\/media\/286086"}],"wp:attachment":[{"href":"https:\/\/www.pcnen.com\/portal\/wp-json\/wp\/v2\/media?parent=363477"}],"wp:term":[{"taxonomy":"category","embeddable":true,"href":"https:\/\/www.pcnen.com\/portal\/wp-json\/wp\/v2\/categories?post=363477"},{"taxonomy":"post_tag","embeddable":true,"href":"https:\/\/www.pcnen.com\/portal\/wp-json\/wp\/v2\/tags?post=363477"}],"curies":[{"name":"wp","href":"https:\/\/api.w.org\/{rel}","templated":true}]}}