{"id":363270,"date":"2023-01-27T14:09:50","date_gmt":"2023-01-27T13:09:50","guid":{"rendered":"https:\/\/www.pcnen.com\/portal\/?p=363270"},"modified":"2023-01-27T14:09:50","modified_gmt":"2023-01-27T13:09:50","slug":"saricima-blokirana-imovina-u-crnoj-gori","status":"publish","type":"post","link":"https:\/\/www.pcnen.com\/portal\/2023\/01\/27\/saricima-blokirana-imovina-u-crnoj-gori\/","title":{"rendered":"\u0160ari\u0107ima blokirana imovina u Crnoj Gori"},"content":{"rendered":"<p>To su ovda\u0161nje pravosudne vlasti uradile na zahtjev kolega iz Srbije u predmetu protiv navodnog balkanskog narko\u0161efa i njegove ekipe &#8211; zbog te\u0161kog ubistva, stvaranja kriminalne organizacije, \u0161verca droge, ilegalnog dr\u017eanja oru\u017eja, izazivanja op\u0161te opasnosti, zloupotrebe slu\u017ebenog polo\u017eaja&#8230;<\/p>\n<p>Sutkinja Suzana Mugo\u0161a donijela je rje\u0161enje o privremenom oduzimanju te milionski vrijedne imovine<a href=\"https:\/\/www.vijesti.me\/vijesti\/crna-hronika\/640711\/saricima-blokirana-imovina-u-crnoj-gori\">, pi\u0161u Vijesti.<\/a><\/p>\n<p>Postupaju\u0107i po zamolnici kolega iz Srbije, Vi\u0161i sud je na zahtjev crnogorskog Specijalnog dr\u017eavnog tu\u017eila\u0161tva (SDT) donio privremenu mjeru zabrane raspolaganja i kori\u0161\u0107enja nepokretnosti koje su u vlasni\u0161tvu njegove k\u0107erke Nikoline \u0160ari\u0107, brata Du\u0161ka \u0160ari\u0107a i sestre Danijele \u0160ari\u0107.<\/p>\n<p>To je u\u010dinjeno na osnovu Zakona o oduzimanju imovinske koristi ste\u010dene kriminalnom djelatno\u0161\u0107u.<\/p>\n<p>U evidenciji Uprave za katastar i dr\u017eavnu imovinu, zabrana raspolaganja i kori\u0161\u0107enja nad tim nepokretnostima upisana je 11. januara.<\/p>\n<p>Du\u0161ku \u0160ari\u0107u tim rje\u0161enjem 11. januara blokirano je desetak poslovnih prostora povr\u0161ine oko 700 kvadratnih metara, dvori\u0161te poslovne zgrade, porodi\u010dna stambena zgrada povr\u0161ine 61 kvadrat, nestambeni prostor povr\u0161ine 49 kvadrata, garsonjera isto tolike povr\u0161ine, dvije sobe&#8230;<\/p>\n<p>Blokada je stavljena i na dvori\u0161te povr\u0161ine 423 kvadrata, neplodno zemlji\u0161te povr\u0161ine 384 kvadrata, zatim i na dvori\u0161te povr\u0161ine 136 kvadrata, porodi\u010dnu zgradu u kojoj su poslovni i stambeni prostori, njivu od 422 kvadrata&#8230;<\/p>\n<p>Rje\u0161enjem suda blokirana je imovina upisana na preduze\u0107e \u201cLevel ing\u201d &#8211; njiva od 481 kvadrat, livada povr\u0161ine 4.495 metara kvadratnih, neplodno zemlji\u0161te povr\u0161ine 37 kvadrata, poslovne zgrade u vanprivredi povr\u0161ine 478 i pomo\u0107nu zgradu od 43 kvadrata, kao i dvori\u0161te povr\u0161ine 289 kvadrata.<\/p>\n<p>Darkovoj i Du\u0161kovoj sestri Danijeli \u0160ari\u0107 blokirana je imovina nadomak Pljevalja u Bo\u0161\u010dinovi\u0107ima &#8211; dvori\u0161te 529 kvadrata, porodi\u010dna zgrada koju \u010dine nestambeni prostor od 111 kvadrata i tri stana od 36, 88 i 98 kvadrata.<\/p>\n<p>Njegovoj k\u0107erki Nikolini zabranjeno je da raspola\u017ee trosobnim stanom u Pljevljima povr\u0161ine 95 kvadrata i deset kvadrata nestambenog prostora.<\/p>\n<p>Obrazlo\u017eeno je da postoji osnovana sumnja da je navedena imovina ste\u010dena kriminalnom djelatno\u0161\u0107u, odnosno, da je Darko \u0160ari\u0107, novac ste\u010den kriminalom ulagao u sticanje imovine \u010diji su formalni vlasnici \u010dlanovi njegove u\u017ee porodice: \u201cKoji sami ne ostvaruju legalne prihode ili ih ne ostvaruju u tolikim iznosima\u201d.<\/p>\n<p>Gotovo istu imovinu, s tim \u0161to je tada na spisku bilo mnogo vi\u0161e pokretnih stvari, dr\u017eava je Du\u0161ku \u0160ari\u0107u i Jovici Lon\u010daru vratila u maju 2018. godine.<\/p>\n<p>Takva odluka donijeta je nakon \u0161to je Vrhovni sud potvrdio odluku Apelacionog, kojom su Pljevljaci pravosna\u017eno oslobo\u0111eni optu\u017ebi za pranje 19,2 milona eura.<\/p>\n<p>&nbsp;<\/p>\n<p><a href=\"https:\/\/www.pcnen.com\/portal\/?s=%C5%A0ari%C4%87\">VEZANE VIJESTI<\/a><\/p>\n","protected":false},"excerpt":{"rendered":"<p>Privremeno je oduzeta imovina \u010dlanova porodice Darka \u0160ari\u0107a u Crnoj Gori, zbog sumnje da je ste\u010dena kriminalnom djelatno\u0161\u0107u. (Foto: Nova.rs)<\/p>\n","protected":false},"author":1,"featured_media":363271,"comment_status":"open","ping_status":"closed","sticky":false,"template":"","format":"standard","meta":{"_seopress_robots_primary_cat":"","_seopress_titles_title":"","_seopress_titles_desc":"","_seopress_robots_index":"","_et_pb_use_builder":"","_et_pb_old_content":"","_et_gb_content_width":"","inline_featured_image":false,"footnotes":""},"categories":[14],"tags":[],"class_list":["post-363270","post","type-post","status-publish","format-standard","has-post-thumbnail","hentry","category-vijesti"],"_links":{"self":[{"href":"https:\/\/www.pcnen.com\/portal\/wp-json\/wp\/v2\/posts\/363270","targetHints":{"allow":["GET"]}}],"collection":[{"href":"https:\/\/www.pcnen.com\/portal\/wp-json\/wp\/v2\/posts"}],"about":[{"href":"https:\/\/www.pcnen.com\/portal\/wp-json\/wp\/v2\/types\/post"}],"author":[{"embeddable":true,"href":"https:\/\/www.pcnen.com\/portal\/wp-json\/wp\/v2\/users\/1"}],"replies":[{"embeddable":true,"href":"https:\/\/www.pcnen.com\/portal\/wp-json\/wp\/v2\/comments?post=363270"}],"version-history":[{"count":1,"href":"https:\/\/www.pcnen.com\/portal\/wp-json\/wp\/v2\/posts\/363270\/revisions"}],"predecessor-version":[{"id":363273,"href":"https:\/\/www.pcnen.com\/portal\/wp-json\/wp\/v2\/posts\/363270\/revisions\/363273"}],"wp:featuredmedia":[{"embeddable":true,"href":"https:\/\/www.pcnen.com\/portal\/wp-json\/wp\/v2\/media\/363271"}],"wp:attachment":[{"href":"https:\/\/www.pcnen.com\/portal\/wp-json\/wp\/v2\/media?parent=363270"}],"wp:term":[{"taxonomy":"category","embeddable":true,"href":"https:\/\/www.pcnen.com\/portal\/wp-json\/wp\/v2\/categories?post=363270"},{"taxonomy":"post_tag","embeddable":true,"href":"https:\/\/www.pcnen.com\/portal\/wp-json\/wp\/v2\/tags?post=363270"}],"curies":[{"name":"wp","href":"https:\/\/api.w.org\/{rel}","templated":true}]}}