{"id":363116,"date":"2023-01-25T08:30:02","date_gmt":"2023-01-25T07:30:02","guid":{"rendered":"https:\/\/www.pcnen.com\/portal\/?p=363116"},"modified":"2023-01-25T08:30:02","modified_gmt":"2023-01-25T07:30:02","slug":"micev-cg-nije-postedena-posledica-klimatskih-promjena-micev","status":"publish","type":"post","link":"https:\/\/www.pcnen.com\/portal\/2023\/01\/25\/micev-cg-nije-postedena-posledica-klimatskih-promjena-micev\/","title":{"rendered":"Micev: CG nije po\u0161te\u0111ena posledica klimatskih promjena Micev"},"content":{"rendered":"<p>\u201cCrna Gora nije po\u0161te\u0111ena posledica klimatskih promjena. Vidim da razli\u010diti spektar meteorolo\u0161kih doga\u0111aja vezuje se za teritoriju Crne Gore.Tu su obilne padavine, velike su\u0161e, \u0161umski po\u017eari.Velike su posledice, velike su materijalne \u0161tete. Zna\u010di na\u0161e podru\u010dje je na udaru tih anomalija. Pove\u0107ava se frekvencija pojave tih doga\u0111aja s jedne strane, s druge strane pove\u0107ava se amplituda njihova. Zna\u010di njihova ekstremna vrijednost, to je kada smo u prilici da \u010dujemo da je do\u0161lo do obaranja rekorda&#8230;Na preko stotinu evropskih gradova oborilo je rekordne temperature vazduha\u201d, kazao je Micev.<\/p>\n<p>&nbsp;<\/p>\n<p><a href=\"https:\/\/teamextreme.pro\/?team=milivuk&amp;cmp=pcnen\"><img loading=\"lazy\" decoding=\"async\" class=\"aligncenter size-full wp-image-361707\" src=\"https:\/\/www.pcnen.com\/portal\/wp-content\/uploads\/2023\/01\/AI-marketing.jpg\" alt=\"\" width=\"300\" height=\"250\" \/><\/a><\/p>\n","protected":false},"excerpt":{"rendered":"<p>Meteorolog Branko Micev kazao je u razgovoru za Dan da Crna Gora nije po\u0161te\u0111ena posledica klimatskih promjena.<\/p>\n","protected":false},"author":1,"featured_media":301594,"comment_status":"open","ping_status":"closed","sticky":false,"template":"","format":"standard","meta":{"_seopress_robots_primary_cat":"","_seopress_titles_title":"","_seopress_titles_desc":"","_seopress_robots_index":"","_et_pb_use_builder":"","_et_pb_old_content":"","_et_gb_content_width":"","inline_featured_image":false,"footnotes":""},"categories":[14],"tags":[],"class_list":["post-363116","post","type-post","status-publish","format-standard","has-post-thumbnail","hentry","category-vijesti"],"_links":{"self":[{"href":"https:\/\/www.pcnen.com\/portal\/wp-json\/wp\/v2\/posts\/363116","targetHints":{"allow":["GET"]}}],"collection":[{"href":"https:\/\/www.pcnen.com\/portal\/wp-json\/wp\/v2\/posts"}],"about":[{"href":"https:\/\/www.pcnen.com\/portal\/wp-json\/wp\/v2\/types\/post"}],"author":[{"embeddable":true,"href":"https:\/\/www.pcnen.com\/portal\/wp-json\/wp\/v2\/users\/1"}],"replies":[{"embeddable":true,"href":"https:\/\/www.pcnen.com\/portal\/wp-json\/wp\/v2\/comments?post=363116"}],"version-history":[{"count":1,"href":"https:\/\/www.pcnen.com\/portal\/wp-json\/wp\/v2\/posts\/363116\/revisions"}],"predecessor-version":[{"id":363117,"href":"https:\/\/www.pcnen.com\/portal\/wp-json\/wp\/v2\/posts\/363116\/revisions\/363117"}],"wp:featuredmedia":[{"embeddable":true,"href":"https:\/\/www.pcnen.com\/portal\/wp-json\/wp\/v2\/media\/301594"}],"wp:attachment":[{"href":"https:\/\/www.pcnen.com\/portal\/wp-json\/wp\/v2\/media?parent=363116"}],"wp:term":[{"taxonomy":"category","embeddable":true,"href":"https:\/\/www.pcnen.com\/portal\/wp-json\/wp\/v2\/categories?post=363116"},{"taxonomy":"post_tag","embeddable":true,"href":"https:\/\/www.pcnen.com\/portal\/wp-json\/wp\/v2\/tags?post=363116"}],"curies":[{"name":"wp","href":"https:\/\/api.w.org\/{rel}","templated":true}]}}