{"id":362830,"date":"2023-01-20T10:44:38","date_gmt":"2023-01-20T09:44:38","guid":{"rendered":"https:\/\/www.pcnen.com\/portal\/?p=362830"},"modified":"2023-01-20T12:05:03","modified_gmt":"2023-01-20T11:05:03","slug":"skijalista-u-kolasinu-ili-totalna-nesposobnost-i-neznanje-ili-kriminal-i-korupcija-ili-od-svega-pomalo","status":"publish","type":"post","link":"https:\/\/www.pcnen.com\/portal\/2023\/01\/20\/skijalista-u-kolasinu-ili-totalna-nesposobnost-i-neznanje-ili-kriminal-i-korupcija-ili-od-svega-pomalo\/","title":{"rendered":"Skijali\u0161ta u Kola\u0161inu"},"content":{"rendered":"<blockquote><p><strong>Pi\u0161e: Omer \u0160arki\u0107<\/strong><\/p><\/blockquote>\n<p>Ministar ekonomskog razvoja i turizma je krajem decembra pro\u0161le godine otvorio zmisku turisti\u010dku sezonu na skijali\u0161tu u Kola\u0161inu, u momentu kada snijega nije bilo ni na vidiku. Snijega nije bilo ni za Novu godinu, ni za zimski raspust, a kada je po\u010deo da pada, potencijalni turisti i skija\u0161i nijesu imali od koga dobiti informacije o stanju na skijali\u0161tu, o \u010demu sam pisao prije nekoliko dana\u00a0\u00a0 (<a href=\"https:\/\/www.pcnen.com\/portal\/2023\/01\/12\/skijaska-sezona\">https:\/\/www.pcnen.com\/portal\/2023\/01\/12\/skijaska-sezona<\/a>).<\/p>\n<p>Ju\u010de je, najzad, snijeg po\u010deo obilnije da pada, a metorolo\u0161ka prognoza je najavljivala idealne uslove za dana\u0161nje skijanje: obilan snijeg u toku no\u0107i, koji \u0107e prestati da pada jutros \u2013 kada pi\u0161em ovaj teskt &#8211; uz najidelniju temperaturu za skijanje od oko 0 stepeni i uz povremeno promaljanje sunca.<\/p>\n<p><img loading=\"lazy\" decoding=\"async\" class=\"aligncenter size-full wp-image-362834\" src=\"https:\/\/www.pcnen.com\/portal\/wp-content\/uploads\/2023\/01\/prognoza3.jpg\" alt=\"\" width=\"564\" height=\"628\" \/><\/p>\n<p>Danas je petak, \u0161kolski raspust jo\u0161 traje, roditelji su najzad mogli da odvedu djecu na trodnevno skijanje prije nego se ona u ponedjeljak vrate u \u0161kolu, \u0161to bi bila svestrana korist: zarada za skijali\u0161ta, zarada za ugostitelje i izdavaoce smje\u0161taja u Kola\u0161inu, odmor i rekreacija za djecu i roditelje.<\/p>\n<p>Ali&#8230;!<\/p>\n<p>Iako je sezona \u2013 bez snijega, davno otvorena, iako je snijeg najzad pao u vi\u0161e nego dovoljnim koli\u010dinama (oko pola metra), ne samo da skijali\u0161te u Kola\u0161inu nije otvoreno, nego ne postoji na\u010din da se dozna da li uop\u0161te radi i kad \u0107e raditi.<\/p>\n<p>Kao ljubitelj skijanja, danima poku\u0161avam da dobijem informaciju preko sajta i kontakt telefona ostavljenih na njemu. Na telefone, kako dr\u017eavnog tako privatnog skijali\u0161ta se niko ne javlja, niti na sajtu ima informacija kada \u0107e skijali\u0161ta biti stavljeno u funkciju. Prije par dana, \u201eusred sezone\u201c, \u00a0do\u0161lo je do slede\u0107ih izmjena na sajtu skijali\u0161ta: od tri kontakt telefona za informacije koja su bila na raspolaganju turistima i mogu\u0107im posjetiocima dr\u017eavnog skijali\u0161ta ostavljen je samo jedan \u2013 na kome se javlja govorna po\u0161ta (dakle, niko), promijenjene su cijene ski pasa sa 20.00 eura na 25.00 eur a(!) bez informacije da li je to cijena ski-pasa za oba skijali\u0161ta kao pro\u0161le godine ili samo za dr\u017eavno. Na kontakt telefone privatnog skijali\u0161ta se, tako\u0111e, niko ne javlja, cijena ski-pasa je 15.00 eura, \u0161to dovodi do logi\u010dnog zaklju\u010dka da je cijena ski-pasa od 25.00 eura samo za dr\u017eavno skijali\u0161te. Ali izgleda da mi logika nije ja\u010da strana &#8211; ili ne stanije ovdje, \u0161to \u0107u sada objasniti.<\/p>\n<p>Jedina \u201erelavantna\u201c informacija o stanju na skijali\u0161tu je pregledanje snimka sa kamere na sajtu i li\u010dna procjena da li snijega ima dovoljno, te opet logika, da ako ga ima dovoljno \u2013 skijali\u0161te \u0107e sigurno raditi. Me\u0111utim i taj izvor informacije se pokazuje kao nepouzdan, logika jo\u0161 nepouzdanija. \u010cim je ju\u010de snijeg po\u010deo obilno da pada, staklo neza\u0161ti\u0107ene kamere(!) je bilo prekriveno snijegom i snimak \u201eza procjenu\u201c lo\u0161e vidljiv. <em>(Pogledajte fotografiju na po\u010detku bloga)<\/em><\/p>\n<p>Potencijalni turista koji vam ovo pi\u0161e i koji je namjeravao da danas sa djetetom po\u0111e na skijanje proveo jer ju\u010de par sati u nastojanjima da dobije bilo kakve zvani\u010dne informacije o skijali\u0161tu \u2013 bezuspje\u0161no.<\/p>\n<p>Onda, kao \u0161to sve funkcioni\u0161e u Crnoj Gori, morao sam potegnuti poznanstvo i vezu. Zvao sam dobro obavje\u0161tenu osobu iz Kola\u0161ina da mi sop\u0161ti informacije &#8211; ako ih zna, a one glase ovako:<\/p>\n<blockquote><p>Skijali\u0161te danas ne\u0107e raditi (uprkos izobilju snijega koji je napadao) ve\u0107 se otvara u subotu, cijena ski-pasa je 25.00 eura i va\u017ei za oba skijali\u0161ta \u2013 ne postoji pro\u0161logodi\u0161nja mogu\u0107nost da se uzme ski-pas za jedno skijali\u0161te (skoro upola jeftinija varijanta). Privatno skijali\u0161te jo\u0161 nije a\u017eurilao sajt zato stoji cijena ski-pasa od 15.00 eura. Sve se ovo de\u0161ava u sred zimske turisti\u010dke sezone, koja je zvani\u010dno otvorena prije skoro mjesec dana!<\/p><\/blockquote>\n<p>Napomenu\u0107u da \u0107e u subotu, kada po informaciji ovog izvora namjeravaju otvoriti skijali\u0161te, po vremenskoj prognozi \u0107e padati jak snijeg, tako da \u0107e uslovi za skijanje biti lo\u0161i.<\/p>\n<p><img loading=\"lazy\" decoding=\"async\" class=\"aligncenter wp-image-362672\" src=\"https:\/\/www.pcnen.com\/portal\/wp-content\/uploads\/2023\/01\/bjelasica.jpg\" alt=\"\" width=\"705\" height=\"419\" \/><\/p>\n<p>U nastavku teksta \u0107u vam iznijeti neke, meni logi\u010dne zaklju\u010dke, mada, kao \u0161to vidite, logike kod nas nema.<\/p>\n<blockquote><p>Znamo da je privatno skijali\u0161te biv\u0161a vlast prakti\u010dno poklonila kontroverznom kola\u0161inskom biznismenu Zoranu Be\u0107irovi\u0107u, a da je ista ta dr\u017eava u novo ulo\u017eila \u010dak 30 miliona eura. Znamo i da je dr\u017eavno skijali\u0161te kao pr\u0107ija neformalnog i konfliktnog braka nove parlamentarne ve\u0107ine dato Demokratama na upravljanje, a ne profesionalnim i stru\u010dnim menad\u017eerima \u2013 zato je stanje ovakvo kakvog ga opisujem. Dr\u017eavno skijali\u0161ta \u201eKola\u0161in 1600\u201c, ima nekoliko puta du\u017ee, brojnije i bolje staze od privatnog \u201eKola\u0161in 1450\u201c, tako da je pro\u0161le godine vi\u0161e od 90% skija\u0161a skijalo na njemu, a manje od 10% na privatnom. Dobit od zajedni\u010dkog ski-pasa se djelio u srazmjeri 70% dr\u017eavnom, 30 % privatnom, me\u0111utim, rijetko je ko uzimao zajedni\u010dki ski-pas; ve\u0107inom je uziman samo onaj za dr\u017eavno skijali\u0161ta koji je ko\u0161tao 15.00 eura. Zato je Be\u0107irovi\u0107 na pola pro\u0161logodi\u0161nje sezone snizio cijenu ski-pasa na 10.00 eura, ali mu je skijali\u0161te i dalje bilo prakti\u010dno prazno. Zajedni\u010dkim ski-pasom po cijeni od 25.00 eura, koja je po dobijenim informacijama jedina mogu\u0107nost ove sezone, ako se dobit bude dijelila kao pro\u0161le godine u srazmjeri 70% : 30%, kontroverznom biznismenu Be\u0107irovi\u0107u \u0107e dr\u017eava i nova vlast opet sipati novac koji njegovo skijali\u0161te ni pribli\u017eno ne bi moglo prihodovati. Da li je u pitanju neznanje, ili kriminal i korupcija, ili od svega po malo, to bi trebali da ispitaju nadle\u017eni dr\u017eavni organi.<\/p>\n<p>Na kraju, objedinjenim ski-pasom po cijeni od 25.00 eura, bez mogu\u0107nosti uzimanja parcijalnog, dobar dio djece i njihovih roditelja \u0107e biti prinu\u0111eno da se odrekne skijanja. Jer, samo ski pas za \u010detvoro\u010dlanu porodici je sada oko 100.00 eura, dok bi, da je ostala pro\u0161logodi\u0161nja mogu\u0107nost, to bilo od 50-60 eura, pri \u010demu treba imati na umu da djeci i njihovim roditeljima je vi\u0161e nego dovoljno skijanje na jednom skijali\u0161tu \u2013 dr\u017eavnom, koje ima vi\u0161e nego dovoljan broj staza i svu potrebnu infrakstruturu za porodi\u010dno u\u017eivanje na snijegu.<\/p><\/blockquote>\n","protected":false},"excerpt":{"rendered":"<p>Ili totalna nesposobnost i neznanje, ili kriminal i korupcija, ili od svega pomalo?<\/p>\n","protected":false},"author":12,"featured_media":362833,"comment_status":"open","ping_status":"closed","sticky":false,"template":"","format":"standard","meta":{"_seopress_robots_primary_cat":"","_seopress_titles_title":"","_seopress_titles_desc":"","_seopress_robots_index":"","_et_pb_use_builder":"","_et_pb_old_content":"","_et_gb_content_width":"","inline_featured_image":false,"footnotes":""},"categories":[17,12],"tags":[2817,2816],"class_list":["post-362830","post","type-post","status-publish","format-standard","has-post-thumbnail","hentry","category-blogovi","category-prica-dana","tag-bjelasica","tag-skijalista-kolasin"],"_links":{"self":[{"href":"https:\/\/www.pcnen.com\/portal\/wp-json\/wp\/v2\/posts\/362830","targetHints":{"allow":["GET"]}}],"collection":[{"href":"https:\/\/www.pcnen.com\/portal\/wp-json\/wp\/v2\/posts"}],"about":[{"href":"https:\/\/www.pcnen.com\/portal\/wp-json\/wp\/v2\/types\/post"}],"author":[{"embeddable":true,"href":"https:\/\/www.pcnen.com\/portal\/wp-json\/wp\/v2\/users\/12"}],"replies":[{"embeddable":true,"href":"https:\/\/www.pcnen.com\/portal\/wp-json\/wp\/v2\/comments?post=362830"}],"version-history":[{"count":7,"href":"https:\/\/www.pcnen.com\/portal\/wp-json\/wp\/v2\/posts\/362830\/revisions"}],"predecessor-version":[{"id":362860,"href":"https:\/\/www.pcnen.com\/portal\/wp-json\/wp\/v2\/posts\/362830\/revisions\/362860"}],"wp:featuredmedia":[{"embeddable":true,"href":"https:\/\/www.pcnen.com\/portal\/wp-json\/wp\/v2\/media\/362833"}],"wp:attachment":[{"href":"https:\/\/www.pcnen.com\/portal\/wp-json\/wp\/v2\/media?parent=362830"}],"wp:term":[{"taxonomy":"category","embeddable":true,"href":"https:\/\/www.pcnen.com\/portal\/wp-json\/wp\/v2\/categories?post=362830"},{"taxonomy":"post_tag","embeddable":true,"href":"https:\/\/www.pcnen.com\/portal\/wp-json\/wp\/v2\/tags?post=362830"}],"curies":[{"name":"wp","href":"https:\/\/api.w.org\/{rel}","templated":true}]}}