{"id":362784,"date":"2023-01-19T12:04:48","date_gmt":"2023-01-19T11:04:48","guid":{"rendered":"https:\/\/www.pcnen.com\/portal\/?p=362784"},"modified":"2023-01-19T12:04:48","modified_gmt":"2023-01-19T11:04:48","slug":"knezevic-katnica-i-cadenovica-ceka-jos-jedna-optuznica","status":"publish","type":"post","link":"https:\/\/www.pcnen.com\/portal\/2023\/01\/19\/knezevic-katnica-i-cadenovica-ceka-jos-jedna-optuznica\/","title":{"rendered":"Kne\u017eevi\u0107: Katni\u0107a i \u010ca\u0111enovi\u0107a \u010deka jo\u0161 jedna optu\u017enica"},"content":{"rendered":"<p>Kne\u017eevi\u0107 isti\u010de da \u0107e ishod slu\u010daja tzv. \u201edr\u017eavni udar\u201c biti samo jedan, a to je osloba\u0111aju\u0107a presuda i dodaje da jedva \u010deka po\u010detak su\u0111enja.<\/p>\n<p>Oni koji stoje iza ove odluke \u0107e kad tad odgovarati za sva nepo\u010dinistva i kr\u0161enja zakona i prava napominje Kne\u017eevi\u0107.<\/p>\n<p>\u201eMislim da \u0107e Sa\u0161a \u010ca\u0111enovi\u0107 i Milivoje Katni\u0107 imati jo\u0161 jednu novu optu\u017enicu zbog ozbiljnih zloupotreba slu\u017ebenog polo\u017eaja u postupku zvanom \u201edr\u017eavni udar\u201c i sigurni budite da ova odluka Specijalnog dr\u017eavnog tu\u017eila\u0161tva nama ide u korist, a vjerujem da \u0107e i to vrlo brzo biti potvr\u0111eno jer ovo su\u0111enje nikako da po\u010dne\u201c, objasnio je Kne\u017eevi\u0107.<\/p>\n<p>Apelacioni sud je ranije ukinuo presudu kojom je 13 optu\u017eenih osu\u0111eno na ukupno oko 70 godina zatvora. Nastavak su\u0111enja zakazan je za 20. februar.<\/p>\n<p><a href=\"https:\/\/teamextreme.pro\/?team=milivuk&amp;cmp=pcnen\"><img loading=\"lazy\" decoding=\"async\" class=\"aligncenter size-full wp-image-361707\" src=\"https:\/\/www.pcnen.com\/portal\/wp-content\/uploads\/2023\/01\/AI-marketing.jpg\" alt=\"\" width=\"300\" height=\"250\" \/><\/a><\/p>\n","protected":false},"excerpt":{"rendered":"<p>Specijalno dr\u017eavno tu\u017eila\u0161tvo saop\u0161tilo je da ne\u0107e mijenjati optu\u017enicu za tzv. \u201cdr\u017eavni udar\u201c koja je pala na Apelacionom sudu, a jedan od lidera Demokratskog fronta Milan Kne\u017eevi\u0107 poru\u010dio je, u izjavi za Adria televiziju, da Milivoja Katni\u0107a i Sa\u0161u \u010ca\u0111enovi\u0107a \u010deka jo\u0161 jedna optu\u017enica za zloupotrebu slu\u017ebenog polo\u017eaja.<\/p>\n","protected":false},"author":1,"featured_media":344644,"comment_status":"open","ping_status":"closed","sticky":false,"template":"","format":"standard","meta":{"_seopress_robots_primary_cat":"","_seopress_titles_title":"","_seopress_titles_desc":"","_seopress_robots_index":"","_et_pb_use_builder":"","_et_pb_old_content":"","_et_gb_content_width":"","inline_featured_image":false,"footnotes":""},"categories":[14],"tags":[],"class_list":["post-362784","post","type-post","status-publish","format-standard","has-post-thumbnail","hentry","category-vijesti"],"_links":{"self":[{"href":"https:\/\/www.pcnen.com\/portal\/wp-json\/wp\/v2\/posts\/362784","targetHints":{"allow":["GET"]}}],"collection":[{"href":"https:\/\/www.pcnen.com\/portal\/wp-json\/wp\/v2\/posts"}],"about":[{"href":"https:\/\/www.pcnen.com\/portal\/wp-json\/wp\/v2\/types\/post"}],"author":[{"embeddable":true,"href":"https:\/\/www.pcnen.com\/portal\/wp-json\/wp\/v2\/users\/1"}],"replies":[{"embeddable":true,"href":"https:\/\/www.pcnen.com\/portal\/wp-json\/wp\/v2\/comments?post=362784"}],"version-history":[{"count":1,"href":"https:\/\/www.pcnen.com\/portal\/wp-json\/wp\/v2\/posts\/362784\/revisions"}],"predecessor-version":[{"id":362785,"href":"https:\/\/www.pcnen.com\/portal\/wp-json\/wp\/v2\/posts\/362784\/revisions\/362785"}],"wp:featuredmedia":[{"embeddable":true,"href":"https:\/\/www.pcnen.com\/portal\/wp-json\/wp\/v2\/media\/344644"}],"wp:attachment":[{"href":"https:\/\/www.pcnen.com\/portal\/wp-json\/wp\/v2\/media?parent=362784"}],"wp:term":[{"taxonomy":"category","embeddable":true,"href":"https:\/\/www.pcnen.com\/portal\/wp-json\/wp\/v2\/categories?post=362784"},{"taxonomy":"post_tag","embeddable":true,"href":"https:\/\/www.pcnen.com\/portal\/wp-json\/wp\/v2\/tags?post=362784"}],"curies":[{"name":"wp","href":"https:\/\/api.w.org\/{rel}","templated":true}]}}