{"id":362608,"date":"2023-01-16T20:30:14","date_gmt":"2023-01-16T19:30:14","guid":{"rendered":"https:\/\/www.pcnen.com\/portal\/?p=362608"},"modified":"2023-01-16T20:30:14","modified_gmt":"2023-01-16T19:30:14","slug":"kisa-vjetar-do-17-stepeni","status":"publish","type":"post","link":"https:\/\/www.pcnen.com\/portal\/2023\/01\/16\/kisa-vjetar-do-17-stepeni\/","title":{"rendered":"Ki\u0161a, vjetar, do 17 stepeni"},"content":{"rendered":"<p>Vi\u0161e padavina bi\u0107e u drugom dijelu dana i tokom no\u0107i.<\/p>\n<p>U ve\u0107em dijelu zemlje se o\u010dekuju obilne kol\u010dine ki\u0161e.<\/p>\n<p>Vjetar ju\u017eni bi\u0107e poja\u010dan i jak, na udare i olujne ja\u010dine.<\/p>\n<p>Jutarnja temperatura vazduha kreta\u0107e se od 2 do 14, najvi\u0161a dnevna od 5 do 17 stepeni.<br \/>\nU Podgorici se o\u010dekuje prete\u017eno obla\u010dno sa ki\u0161om, pljuskovima i grmljavinom, naro\u010dito u drugom dijelu dana i tokom no\u0107i.<\/p>\n<p>Duva\u0107e vjetar povremeno poja\u010dan i jak ju\u017eni i jugoisto\u010dni.<\/p>\n<p>Jutarnja temperatura vazduha bi\u0107e oko 9, najvi\u0161a dnevna 15 stepeni.<\/p>\n<p>&nbsp;<\/p>\n<p><a href=\"https:\/\/teamextreme.pro\/?team=milivuk&amp;cmp=pcnen\"><img loading=\"lazy\" decoding=\"async\" class=\"aligncenter size-full wp-image-361707\" src=\"https:\/\/www.pcnen.com\/portal\/wp-content\/uploads\/2023\/01\/AI-marketing.jpg\" alt=\"\" width=\"300\" height=\"250\" \/><\/a><\/p>\n","protected":false},"excerpt":{"rendered":"<p>U utorak \u0107e u Crnoj Gori biti obla\u010dno, ki\u0161no a bi\u0107e i pljuskova, grmljavine i vjetra.<\/p>\n","protected":false},"author":1,"featured_media":360707,"comment_status":"open","ping_status":"closed","sticky":false,"template":"","format":"standard","meta":{"_seopress_robots_primary_cat":"","_seopress_titles_title":"","_seopress_titles_desc":"","_seopress_robots_index":"","_et_pb_use_builder":"","_et_pb_old_content":"","_et_gb_content_width":"","inline_featured_image":false,"footnotes":""},"categories":[14],"tags":[],"class_list":["post-362608","post","type-post","status-publish","format-standard","has-post-thumbnail","hentry","category-vijesti"],"_links":{"self":[{"href":"https:\/\/www.pcnen.com\/portal\/wp-json\/wp\/v2\/posts\/362608","targetHints":{"allow":["GET"]}}],"collection":[{"href":"https:\/\/www.pcnen.com\/portal\/wp-json\/wp\/v2\/posts"}],"about":[{"href":"https:\/\/www.pcnen.com\/portal\/wp-json\/wp\/v2\/types\/post"}],"author":[{"embeddable":true,"href":"https:\/\/www.pcnen.com\/portal\/wp-json\/wp\/v2\/users\/1"}],"replies":[{"embeddable":true,"href":"https:\/\/www.pcnen.com\/portal\/wp-json\/wp\/v2\/comments?post=362608"}],"version-history":[{"count":1,"href":"https:\/\/www.pcnen.com\/portal\/wp-json\/wp\/v2\/posts\/362608\/revisions"}],"predecessor-version":[{"id":362609,"href":"https:\/\/www.pcnen.com\/portal\/wp-json\/wp\/v2\/posts\/362608\/revisions\/362609"}],"wp:featuredmedia":[{"embeddable":true,"href":"https:\/\/www.pcnen.com\/portal\/wp-json\/wp\/v2\/media\/360707"}],"wp:attachment":[{"href":"https:\/\/www.pcnen.com\/portal\/wp-json\/wp\/v2\/media?parent=362608"}],"wp:term":[{"taxonomy":"category","embeddable":true,"href":"https:\/\/www.pcnen.com\/portal\/wp-json\/wp\/v2\/categories?post=362608"},{"taxonomy":"post_tag","embeddable":true,"href":"https:\/\/www.pcnen.com\/portal\/wp-json\/wp\/v2\/tags?post=362608"}],"curies":[{"name":"wp","href":"https:\/\/api.w.org\/{rel}","templated":true}]}}