{"id":362321,"date":"2023-01-12T10:19:46","date_gmt":"2023-01-12T09:19:46","guid":{"rendered":"https:\/\/www.pcnen.com\/portal\/?p=362321"},"modified":"2023-01-12T11:46:46","modified_gmt":"2023-01-12T10:46:46","slug":"skijaska-sezona","status":"publish","type":"post","link":"https:\/\/www.pcnen.com\/portal\/2023\/01\/12\/skijaska-sezona\/","title":{"rendered":"Skija\u0161ka sezona"},"content":{"rendered":"<p>Ministar ekonomskog razvoja i turizma Goran \u0110urovi\u0107 je sve\u010dano otvorio skija\u0161ku sezonu u Kola\u0161inu, jo\u0161 u decembru, kada snijega nije bilo ni u naznakama. Scena otvaranja skija\u0161ke sezone je bila alanfordovska: kamere snimaju ministra kako otvara sezonu, a iza njega gola planina i drve\u0107e bez makar ijedne, od snijega bijele ta\u010dkice ili uvalice.<\/p>\n<p>Snijeg je ovih par dana, najzad, po\u010deo padati. Ima ga, ali rekao bih nedovoljno, bar sude\u0107i po snimku sa kamera na privatnom skijali\u0161tu \u201eKola\u0161in 1450\u201c.<\/p>\n<p>Kao ljubitelj skijanja koji jedva \u010deka prvo ovogodi\u0161nje skijanje, rekoh da pogledam da li je bolja situacija na dr\u017eavnom skijali\u0161tu \u201eKola\u0161in1600\u201c, jer zbog ve\u0107e nadmorske visine, pomislih, mo\u017eda ga tamo ima dovoljno. Prijatno se iznenadih kada vidjeh da je i dr\u017eavno skijali\u0161te napravilo svoj sajt, da ima \u201elive kamere\u201c na skijali\u0161tu.<\/p>\n<p>Me\u0111utim, kamere ne rade \u2013 to jest, \u201e\u017eivu sliku\u201c sa skijali\u0161ta ne mogah otvoriti. Ali i za to ima rje\u0161enje \u2013 kontakt brojevi telefona na skijali\u0161tu: mobilni i fiksni. Na mobilni broj 063 444555 \u201enormalno\u201c, niko se ne javlja. Zovem na dva fiksna broja 020 223 881 i 020 223882, ni tu se \u201enormalno\u201c niko ne javlja, iako sam zvao u 08,45 sati a radno vrijeme je od 08.00 do 16.00 sati &#8211; bar tako pi\u0161e na sajtu.<\/p>\n<p>Va\u017eno je da je sezona otvorena \u2013 bez snijega, a da se ne mogu dobiti informacije o stanju na skijali\u0161tu kada je snijeg najzad pao.<\/p>\n<p>Skijali\u0161ta su, ina\u010de, preuzela kadrovi iz nove, odgovorne, naaarooodne i demokratske vlasti, koja nije kao ona prethodna, u kojoj je kadar bio strogo partijski, nestru\u010dan, nesposoban i krajnje korumpiran.<\/p>\n<p><a href=\"https:\/\/teamextreme.pro\/?team=milivuk&amp;cmp=pcnen\"><img loading=\"lazy\" decoding=\"async\" class=\"aligncenter size-full wp-image-361707\" src=\"https:\/\/www.pcnen.com\/portal\/wp-content\/uploads\/2023\/01\/AI-marketing.jpg\" alt=\"\" width=\"300\" height=\"250\" \/><\/a><\/p>\n<p>&nbsp;<\/p>\n","protected":false},"excerpt":{"rendered":"<p>Javlja Omer \u0160ARKI\u0106<\/p>\n","protected":false},"author":1,"featured_media":362323,"comment_status":"open","ping_status":"closed","sticky":false,"template":"","format":"standard","meta":{"_seopress_robots_primary_cat":"","_seopress_titles_title":"","_seopress_titles_desc":"","_seopress_robots_index":"","_et_pb_use_builder":"","_et_pb_old_content":"","_et_gb_content_width":"","inline_featured_image":false,"footnotes":""},"categories":[10,12],"tags":[],"class_list":["post-362321","post","type-post","status-publish","format-standard","has-post-thumbnail","hentry","category-cuj-vidji-javi","category-prica-dana"],"_links":{"self":[{"href":"https:\/\/www.pcnen.com\/portal\/wp-json\/wp\/v2\/posts\/362321","targetHints":{"allow":["GET"]}}],"collection":[{"href":"https:\/\/www.pcnen.com\/portal\/wp-json\/wp\/v2\/posts"}],"about":[{"href":"https:\/\/www.pcnen.com\/portal\/wp-json\/wp\/v2\/types\/post"}],"author":[{"embeddable":true,"href":"https:\/\/www.pcnen.com\/portal\/wp-json\/wp\/v2\/users\/1"}],"replies":[{"embeddable":true,"href":"https:\/\/www.pcnen.com\/portal\/wp-json\/wp\/v2\/comments?post=362321"}],"version-history":[{"count":4,"href":"https:\/\/www.pcnen.com\/portal\/wp-json\/wp\/v2\/posts\/362321\/revisions"}],"predecessor-version":[{"id":362332,"href":"https:\/\/www.pcnen.com\/portal\/wp-json\/wp\/v2\/posts\/362321\/revisions\/362332"}],"wp:featuredmedia":[{"embeddable":true,"href":"https:\/\/www.pcnen.com\/portal\/wp-json\/wp\/v2\/media\/362323"}],"wp:attachment":[{"href":"https:\/\/www.pcnen.com\/portal\/wp-json\/wp\/v2\/media?parent=362321"}],"wp:term":[{"taxonomy":"category","embeddable":true,"href":"https:\/\/www.pcnen.com\/portal\/wp-json\/wp\/v2\/categories?post=362321"},{"taxonomy":"post_tag","embeddable":true,"href":"https:\/\/www.pcnen.com\/portal\/wp-json\/wp\/v2\/tags?post=362321"}],"curies":[{"name":"wp","href":"https:\/\/api.w.org\/{rel}","templated":true}]}}