{"id":362222,"date":"2023-01-10T12:34:44","date_gmt":"2023-01-10T11:34:44","guid":{"rendered":"https:\/\/www.pcnen.com\/portal\/?p=362222"},"modified":"2023-01-10T12:34:44","modified_gmt":"2023-01-10T11:34:44","slug":"ministri-u-banjaluci","status":"publish","type":"post","link":"https:\/\/www.pcnen.com\/portal\/2023\/01\/10\/ministri-u-banjaluci\/","title":{"rendered":"Ministri u Banjaluci"},"content":{"rendered":"<p>Vlada u tehni\u010dkom mandatu \u010diji mandat traje li traje, osim \u0161to je bez podr\u0161ke, autoriteta i legimiteta, okrnjena i amaterska, svako malo nam pokazuje i dokazuje da se tu ne zna \u201eko pije, a ko pla\u0107a\u201c. U stvari, zna se ko pla\u0107a \u2013 mi.<\/p>\n<p>Predizborna kampanja je odavno krenula, svi znaju da su izbori blizu, a Vlada, njen prvi ministrar \u2013 i ve\u0107ina drugih, koriste svoje funkcije i polo\u017eaje za predizbornu kampanju &#8211; isto &#8211; ako ne i gore &#8211; od DPS-a svojevremeno. A sjetite se kako su(smo) kritikovali DPS zbog toga!<\/p>\n<p>Ministarsku posjetu sve\u010danosti u Banjaluci treba gledati isklju\u010divo kao dio predizborne kampanje, animiranje onog dijela glasa\u010dkog tijela kojem Republika Srpska le\u017ei na srcu, ali kako to objasniti me\u0111unarodnoj javnosti i zvani\u010dnicima BiH?<\/p>\n<p>Posjeta ministra pravde i ministra finansija sve\u010danosti povodom dana Republike Srpske izazvala je odu\u0161evljenje u dobrom dijelu crnogorske javnosti, zgra\u017eavanje u drugom. Crna Gora je po tom pitanju &#8211; kao i mnogim drugim &#8211; podijeljena.<\/p>\n<p>Ministar Damjanovi\u0107 se odmah ogradio od posjete, tvrde\u0107i da je tamo oti\u0161ao privatno \u2013 \u0161to zna\u010di o svom tro\u0161ku. Vjerujem da je tako, da gospodin Damjanovi\u0107 nije koristio slu\u017ebeni automobil prilikom posjete, niti da je uzimao dnevnicu za slu\u017ebeno putovanje u inostranstvo. Me\u0111utim, dio javnosti ne vjeruje u to, stoga bi ih Damjanovi\u0107 trebao razuvjeriti dokazima da je posjetu finansirao iz svog d\u017eepa.<\/p>\n<p>Za razliku od njega, ministar Kova\u010d je transparentno saop\u0161tio da je sve\u010danosti prisustvovao u funkciji ministra, demantuju\u0107i Vladu \u010diji je ministar, koja se dosta nemu\u0161to ogradila od te posjete, uz tvrdnju da oni na toj proslavi nijesu predstavljali Vladu Crne Gore.<\/p>\n<p>Ovakva kontrodiktorna saop\u0161tenja pokazuju, pored ostalog, u kakvom je rasulu aktuelna Vlada u tehni\u010dkom mandatu, te da prvi minstar uop\u0161te ni ne zna \u0111e su mu kolege ministri, \u010dak ni da oni nijesu u zemlji ve\u0107 u me\u0111unuradnoj posjeti, potpuno suprotnoj javno proklamonovanoj spoljnoj politici.<\/p>\n<p>Da podsjetim na osnovne spoljnopoliti\u010dke pravce Vlade: po\u0161tovanje svih preuzetih me\u0111unarodnih ugovora i obaveza, njegovanje dobrosusjedskih odnosa, sankcije Rusiji i po\u0161tovanje smjernica Evropske unije.<\/p>\n<p>Ministri u Vladi Abazovi\u0107a su posjetom sve\u010danoj akademiji povodom dana Republike Srpske napravili diplomatski skandal i naru\u0161uli osnovne principe navedenog Vladinog spoljnopoliti\u010dkog kursa.<\/p>\n<p>Naime, Ustavni sud dr\u017eave BiH (a ne federacije) je u dva navrata proglasio obilje\u017eavanje dana Republike Srpske neustavnim. Takvog su ga ocijenili i na\u0161i me\u0111unarodni partneri (zvani\u010dnici EU, SAD, Visoki predstavnik u BiH Kristijan \u0160mit). Rusija, doista, nije. Ali spoljnopoliti\u010dki kurs Vlade je okrenut prema Zapadu a ne Rusiji, zato je to diplomski faul i skandal prve vrste. Da je usvojeni i proklamovani kurs Vlade ja\u010danje veza sa Rusijom, uz otklon od EU i njene politike, podr\u0161ka Republici Srpskoj u njenim nastojanjima za otcepljenjem, uz podrivanje suvereniteta BiH, onda bi bilo sasvim legitimno i normalno da ministri na\u0161e Vlade prisustvuju sve\u010danosti kojom se ru\u0161i cjelovitost BiH, a ruskom lideru Putinu dodjeljuje najve\u0107e priznanje.<\/p>\n<p>Prisustvom sve\u010danosti povodom neustavnog Dana Republike Srpske naru\u0161en je i princip njegovanja dobrih me\u0111ususjedskih odnosa, jer prisustvovati proslavi obilje\u017eavanju ne\u010deg \u0161to je u toj dr\u017eavi progla\u0161eno neustavnim, gruba je povreda i nipodo\u0161tavanje te dr\u017eave. Podsjeti\u0107u, Odluke Ustavng suda su najvi\u0161i pravni akti svake dr\u017eave, koje su du\u017eni svi da po\u0161tuju, pogotovo zvani\u010dnici drugih\u00a0 dr\u017eava.<\/p>\n<p>U ovoj pri\u010di potpuno je nebitan na\u0161 li\u010dni osje\u0107aj i mi\u0161ljenje o samoj Republici Srpskoj, koji idu od toga da je ona stvorena na genocidu, etni\u010dkom \u010di\u0161\u0107enju i stra\u0161nim zlo\u010dinima \u2013 \u0161to je moje mi\u0161ljenje i stav, ili herojskom borbom srpskog naroda u BiH \u2013 \u0161to je stav dobrog dijela javnosti u Crnoj Gori. Bitna je javno proklamovana i usvojena spoljna politika Vlade.<\/p>\n<p>Poslije ovakvog skandala, da aktuelna Vlada u tehni\u010dkom mandatu i premijer imaju imalo autoriteta, politi\u010dke odgovornosti, dr\u017eavni\u010dke mudrosti i odlu\u010dnosti, istog momenta bi razrije\u0161ila oba ministra, te uputila zvani\u010dno izvinjenje Bosni i Hercegovini.<\/p>\n<p>Ali, sve i da premijer to ima &#8211; a o\u010digledno je da nema &#8211; poslije razrje\u0161enja jo\u0161 dva ministra ipak ne bi bio sposoban da sam pokriva toliko funkcija u ve\u0107 ionako dobro okrnjenoj Vladi, pa sve da je Vesna Brati\u0107 a ne Dritan Abazovi\u0107.<\/p>\n","protected":false},"excerpt":{"rendered":"<p>Pi\u0161e: Omer \u0160ARKI\u0106<\/p>\n","protected":false},"author":12,"featured_media":286086,"comment_status":"open","ping_status":"closed","sticky":false,"template":"","format":"standard","meta":{"_seopress_robots_primary_cat":"","_seopress_titles_title":"","_seopress_titles_desc":"","_seopress_robots_index":"","_et_pb_use_builder":"","_et_pb_old_content":"","_et_gb_content_width":"","inline_featured_image":false,"footnotes":""},"categories":[17],"tags":[2764,2765,1169],"class_list":["post-362222","post","type-post","status-publish","format-standard","has-post-thumbnail","hentry","category-blogovi","tag-banjaluka","tag-dan-republike-srpske","tag-omer-sarkic"],"_links":{"self":[{"href":"https:\/\/www.pcnen.com\/portal\/wp-json\/wp\/v2\/posts\/362222","targetHints":{"allow":["GET"]}}],"collection":[{"href":"https:\/\/www.pcnen.com\/portal\/wp-json\/wp\/v2\/posts"}],"about":[{"href":"https:\/\/www.pcnen.com\/portal\/wp-json\/wp\/v2\/types\/post"}],"author":[{"embeddable":true,"href":"https:\/\/www.pcnen.com\/portal\/wp-json\/wp\/v2\/users\/12"}],"replies":[{"embeddable":true,"href":"https:\/\/www.pcnen.com\/portal\/wp-json\/wp\/v2\/comments?post=362222"}],"version-history":[{"count":2,"href":"https:\/\/www.pcnen.com\/portal\/wp-json\/wp\/v2\/posts\/362222\/revisions"}],"predecessor-version":[{"id":362225,"href":"https:\/\/www.pcnen.com\/portal\/wp-json\/wp\/v2\/posts\/362222\/revisions\/362225"}],"wp:featuredmedia":[{"embeddable":true,"href":"https:\/\/www.pcnen.com\/portal\/wp-json\/wp\/v2\/media\/286086"}],"wp:attachment":[{"href":"https:\/\/www.pcnen.com\/portal\/wp-json\/wp\/v2\/media?parent=362222"}],"wp:term":[{"taxonomy":"category","embeddable":true,"href":"https:\/\/www.pcnen.com\/portal\/wp-json\/wp\/v2\/categories?post=362222"},{"taxonomy":"post_tag","embeddable":true,"href":"https:\/\/www.pcnen.com\/portal\/wp-json\/wp\/v2\/tags?post=362222"}],"curies":[{"name":"wp","href":"https:\/\/api.w.org\/{rel}","templated":true}]}}