{"id":362009,"date":"2023-01-06T14:29:37","date_gmt":"2023-01-06T13:29:37","guid":{"rendered":"https:\/\/www.pcnen.com\/portal\/?p=362009"},"modified":"2023-01-06T14:31:53","modified_gmt":"2023-01-06T13:31:53","slug":"mandatar-2","status":"publish","type":"post","link":"https:\/\/www.pcnen.com\/portal\/2023\/01\/06\/mandatar-2\/","title":{"rendered":"Mandatar"},"content":{"rendered":"<p>Nije davno bilo kada je Miodrag Leki\u0107 bio lider Demokratskog fronta. Tada je taj savez, na kratko, napustio ekstremni nacionalizam, okrenuo se, bar retori\u010dki, politici pomirenja. Lideri DF-a su se povukli iz \u017ei\u017ee javnosti, a Leki\u0107 je, poja\u010davaju\u0107i DF nepartijskim gra\u0111anima, udvostru\u010dio svoju snagu. I ja sam tada, na njegov poziv, poslije razgovora i dogovora da \u0107u zastupati moje dotada\u0161nje stavove a ne politiku DF-a, pristao da budem na gra\u0111anskoj listi DF-a za lokalne izbore u Podgorici. Na tim su \u00a0izborima DPS i koalicioni partneri mu, poslije dugo vremena bili bez ve\u0107ine. Poslije dugih pregovora i politi\u010dkih me\u0161etarenja, SDP je poklekao, priklonio se DPS-u, koji je tako dobio ve\u0107inu za formiranje vlasti u Podgorici. Za gradona\u010delnika je izabran nepismeni Stijepovi\u0107 \u2013 koji \u0107e se kasnije proslaviti kao \u201ejunak\u201c u aferi \u201eKoverat\u201c, a ja sam iz protesta podnio ostavku na mjesto odbornika u Gradskom parlamentu. Par mjeseci kasnije, kada sam vidio da Medojevi\u0107, Mandi\u0107 i kompanija opet preuzimaju kormilo saveza, opstruiraju\u0107i i javno miniraju\u0107i Leki\u0107a, na sjednici sam napustio i Gra\u0111anski klub DF-a, pozivaju\u0107i Leki\u0107a da mi se pridru\u017ei. Iako svjestan da sam na tom sastanku iznio nepobitne \u010dinjenice, Leki\u0107 je odbio da se povu\u010de, da bi nekoliko mjeseci kasnije najzad shvatio da sam bio u pravu: napustio je DF, a ubrzo zatim formirao Demos.<\/p>\n<p>Kampanja koja je tada uslijedila protiv doju\u010dera\u0161njeg im lidera, sa kojim su ostvarili najbolje izborne rezultate, vo\u0111ena od strane lidera DF-a i njihovih &#8211; za takvu kampanju obu\u010denih &#8211; aktivista, bila je na nivou kampanja Informera, stoga je zbog li\u010dnog dostojanstva ne\u0107u prepri\u010davati i podsje\u0107ati vas na nju. To \u0161to \u201enaaaroood\u201c sve brzo zaboravlja nekako mogu i da shvatam, ali \u0161to je Leki\u0107 \u201ezaboravio\u201c, pristav\u0161i da bude mandatar na predlog tog istog DF-a, to mi nije jasno. U stvari, da aktivno nijesam uzeo u\u010de\u0161\u0107a na politi\u010dkoj sceni za vrijeme protesta \u201eOdupri se\u201c \u2013 ne bi mi bilo jasno. Sada ve\u0107 jeste, jer sam onda sam iz prve ruke vidio koji su motivi svih etabliranih u\u010desnika politi\u010dkog \u017eivota u Crnoj Gori, a to svakako nije napredak dru\u0161tva i zajednice, pravna i\u00a0 nepartijska dr\u017eava, bolji \u017eivot gra\u0111ana \u2013 \u0161to sam do tada, bar za dio njih, prije svega u tada\u0161njoj opoziciji, naivno mislio.<\/p>\n<p>Svako politi\u010di pismen \u2013 a Miodrag Leki\u0107 to svakako jeste &#8211; znao je da od nove Vlade nema ni\u0161ta. Ne samo \u0161to je takav predlog done\u0161en poslije o\u010digledno neustavnih izmjena Zakona o predsjedniku, ni zbog protivljenja me\u0111unarodnih centara mo\u0107i od kojih smo duboko zavisni, ve\u0107 zbog same strukture, volje, namjera, sposobnosti &#8211; i prije svega iskrenosti nove parlamentarne ve\u0107ine. Ako znamo da je poslije pobjede, uprkos do tada nevi\u0111enoj euforiji koja je nastala, ta ista ve\u0107ina, jedva, poslije dugih i iscrpljuju\u0107ih pregovora, uspjela sastaviti Vladu, koja ne bi bila formirana bez presudnog uticaja Crkve i pokojnog mitropolita Amfilohija kao nesumnjivog autoriteta u tom bloku, onda, a poslije svega \u0161to se u me\u0111uvremenu de\u0161avalo, da ta ista ve\u0107ina izabere novu Vladu \u2013 prosto je van logike i pameti. Niti je DF predlo\u017eio Leki\u0107a sa nadom da mo\u017ee biti izabran, niti su ga Demokrate takvog prihvatile, a i laicima je jasno da Abazovi\u0107 \u017eeli da u\u0111e u nove izbore sa mjesta premijera, makar mu tehni\u010dki mandat trajao koliko su trajali svi \u0110ukanovi\u0107evi dosada\u0161nji mandati.<\/p>\n<p>Leki\u0107 je ovdje bio \u0161to Bojani\u0107 onomad, kada je bio kandidat opozicije za predsjednika: \u017ertveno jagnje (ili ovca?), \u010dija je svrha da poslu\u017ei kao podloga daljnih politi\u010dkih prepucavanja i zauzimanja \u0161to boljih startnih pozicija pred nastupaju\u0107e izbore. \u201eNaaaroood\u201c i njegoiv interes je u tim prepucavanjima i jeftinim igrama uvijek samo kolateralna \u0161teta.<\/p>\n<p>Kao i u prvoopisanom slu\u010daju, Leki\u0107 je sa zaka\u0161njenjem shvatio da je samo moneta za potkusirivanje, te je poslije prvog sastanka prekinuo tu lakrdiju, bar donekle spa\u0161avaju\u0107i obraz.<\/p>\n<p>Idemo dalje, na kreditne pare. Sve dok nam se i ta slavina ne zavrne. Onda \u0107emo se tek suo\u010diti sami sa sobom, a to suo\u010davanje \u0107e biti nepodno\u0161ljivo bolno.<\/p>\n","protected":false},"excerpt":{"rendered":"<p>Pi\u0161e: Omer \u0160ARKI\u0106<\/p>\n","protected":false},"author":12,"featured_media":286086,"comment_status":"open","ping_status":"closed","sticky":false,"template":"","format":"standard","meta":{"_seopress_robots_primary_cat":"","_seopress_titles_title":"","_seopress_titles_desc":"","_seopress_robots_index":"","_et_pb_use_builder":"","_et_pb_old_content":"","_et_gb_content_width":"","inline_featured_image":false,"footnotes":""},"categories":[17],"tags":[1143,2686,1471,1169],"class_list":["post-362009","post","type-post","status-publish","format-standard","has-post-thumbnail","hentry","category-blogovi","tag-demokratski-front","tag-mandatar","tag-miodrag-lekic","tag-omer-sarkic"],"_links":{"self":[{"href":"https:\/\/www.pcnen.com\/portal\/wp-json\/wp\/v2\/posts\/362009","targetHints":{"allow":["GET"]}}],"collection":[{"href":"https:\/\/www.pcnen.com\/portal\/wp-json\/wp\/v2\/posts"}],"about":[{"href":"https:\/\/www.pcnen.com\/portal\/wp-json\/wp\/v2\/types\/post"}],"author":[{"embeddable":true,"href":"https:\/\/www.pcnen.com\/portal\/wp-json\/wp\/v2\/users\/12"}],"replies":[{"embeddable":true,"href":"https:\/\/www.pcnen.com\/portal\/wp-json\/wp\/v2\/comments?post=362009"}],"version-history":[{"count":3,"href":"https:\/\/www.pcnen.com\/portal\/wp-json\/wp\/v2\/posts\/362009\/revisions"}],"predecessor-version":[{"id":362014,"href":"https:\/\/www.pcnen.com\/portal\/wp-json\/wp\/v2\/posts\/362009\/revisions\/362014"}],"wp:featuredmedia":[{"embeddable":true,"href":"https:\/\/www.pcnen.com\/portal\/wp-json\/wp\/v2\/media\/286086"}],"wp:attachment":[{"href":"https:\/\/www.pcnen.com\/portal\/wp-json\/wp\/v2\/media?parent=362009"}],"wp:term":[{"taxonomy":"category","embeddable":true,"href":"https:\/\/www.pcnen.com\/portal\/wp-json\/wp\/v2\/categories?post=362009"},{"taxonomy":"post_tag","embeddable":true,"href":"https:\/\/www.pcnen.com\/portal\/wp-json\/wp\/v2\/tags?post=362009"}],"curies":[{"name":"wp","href":"https:\/\/api.w.org\/{rel}","templated":true}]}}